{"id":4223,"date":"2010-03-04T16:21:19","date_gmt":"2010-03-04T19:21:19","guid":{"rendered":"http:\/\/www.elsindical.com.ar\/notas\/?p=4223"},"modified":"2010-03-04T16:21:19","modified_gmt":"2010-03-04T19:21:19","slug":"la-jueza-que-suspendio-el-uso-de-reservas-dijo-que-respeta-instituciones-e-investiduras","status":"publish","type":"post","link":"https:\/\/www.elsindical.com.ar\/notas\/la-jueza-que-suspendio-el-uso-de-reservas-dijo-que-respeta-instituciones-e-investiduras\/","title":{"rendered":"La jueza que suspendi\u00f3 el uso de reservas dijo que respeta \u00abinstituciones e investiduras\u00bb"},"content":{"rendered":"<p style=\"text-align: justify;\"><em><a href=\"http:\/\/www.elsindical.com.ar\/notas\/var\/www\/html\/notas\/wp-content\/uploads\/2010\/03\/reservas-d\u00f3lares.jpg\"><img loading=\"lazy\" decoding=\"async\" class=\"alignleft size-full wp-image-4224\" title=\"reservas-d\u00f3lares\" src=\"http:\/\/www.elsindical.com.ar\/notas\/var\/www\/html\/notas\/wp-content\/uploads\/2010\/03\/reservas-d\u00f3lares.jpg\" alt=\"\" width=\"227\" height=\"163\" \/><\/a>La magistrada <strong>Claudia Rodr\u00edguez Vidal contest\u00f3 las cr\u00edticas de la presidente Cristina Kirchner, <\/strong>quien este mediod\u00eda se refiri\u00f3 en cadena nacional al fallo que volvi\u00f3 a paralizar el uso de reservas.<\/em><\/p>\n<p style=\"text-align: justify;\"><strong>\u00abSoy respetuosa de las instituciones y de las investiduras\u00bb, <\/strong>afirm\u00f3 la jueza en lo Contencioso Administrativo Federal <strong>Claudia Rodr\u00edguez Vidal<\/strong>, seg\u00fan inform\u00f3 esta tarde el <em>Centro de Informaci\u00f3n Judicial. <\/em><br \/>\n<em><\/em><br \/>\nConsultada sobre su accionar en la causa en la que se trab\u00f3 el uso de reservas del Banco Central para el pago de la deuda externa indic\u00f3 que s\u00f3lo se limit\u00f3 a \u00abtomar medidas\u00bb que estim\u00f3 \u00abpertinentes\u00bb en el marco de la causa judicial.<\/p>\n<p>La magistrada inform\u00f3, adem\u00e1s, que en el d\u00eda de hoy concedi\u00f3 el recurso de apelaci\u00f3n que present\u00f3 el Gobierno para que sea la C\u00e1mara la que finalmente decida sobre el fondo de la cuesti\u00f3n.<\/p>\n","protected":false},"excerpt":{"rendered":"<p>La magistrada Claudia Rodr\u00edguez Vidal contest\u00f3 las cr\u00edticas de la presidente Cristina Kirchner, quien este mediod\u00eda se refiri\u00f3 en cadena nacional al fallo que volvi\u00f3 a paralizar el uso de reservas. \u00abSoy respetuosa de las instituciones y de las investiduras\u00bb, afirm\u00f3 la jueza en lo Contencioso Administrativo Federal Claudia Rodr\u00edguez Vidal, seg\u00fan inform\u00f3 esta tarde&hellip;<\/p>\n","protected":false},"author":1,"featured_media":0,"comment_status":"open","ping_status":"open","sticky":false,"template":"","format":"standard","meta":{"footnotes":""},"categories":[20],"tags":[2192,2191,2187,2189],"class_list":["post-4223","post","type-post","status-publish","format-standard","hentry","category-judiciales","tag-cadena","tag-claudia-rodriguez-vidal","tag-dnu","tag-magistrada"],"_links":{"self":[{"href":"https:\/\/www.elsindical.com.ar\/notas\/wp-json\/wp\/v2\/posts\/4223","targetHints":{"allow":["GET"]}}],"collection":[{"href":"https:\/\/www.elsindical.com.ar\/notas\/wp-json\/wp\/v2\/posts"}],"about":[{"href":"https:\/\/www.elsindical.com.ar\/notas\/wp-json\/wp\/v2\/types\/post"}],"author":[{"embeddable":true,"href":"https:\/\/www.elsindical.com.ar\/notas\/wp-json\/wp\/v2\/users\/1"}],"replies":[{"embeddable":true,"href":"https:\/\/www.elsindical.com.ar\/notas\/wp-json\/wp\/v2\/comments?post=4223"}],"version-history":[{"count":1,"href":"https:\/\/www.elsindical.com.ar\/notas\/wp-json\/wp\/v2\/posts\/4223\/revisions"}],"predecessor-version":[{"id":4225,"href":"https:\/\/www.elsindical.com.ar\/notas\/wp-json\/wp\/v2\/posts\/4223\/revisions\/4225"}],"wp:attachment":[{"href":"https:\/\/www.elsindical.com.ar\/notas\/wp-json\/wp\/v2\/media?parent=4223"}],"wp:term":[{"taxonomy":"category","embeddable":true,"href":"https:\/\/www.elsindical.com.ar\/notas\/wp-json\/wp\/v2\/categories?post=4223"},{"taxonomy":"post_tag","embeddable":true,"href":"https:\/\/www.elsindical.com.ar\/notas\/wp-json\/wp\/v2\/tags?post=4223"}],"curies":[{"name":"wp","href":"https:\/\/api.w.org\/{rel}","templated":true}]}}