{"id":42212,"date":"2014-04-22T18:12:54","date_gmt":"2014-04-22T21:12:54","guid":{"rendered":"http:\/\/www.elsindical.com.ar\/notas\/?p=42212"},"modified":"2014-04-22T18:12:54","modified_gmt":"2014-04-22T21:12:54","slug":"ferraresi-recibio-a-los-integrantes-de-la-nueva-union-de-municipales-de-avellaneda","status":"publish","type":"post","link":"https:\/\/www.elsindical.com.ar\/notas\/ferraresi-recibio-a-los-integrantes-de-la-nueva-union-de-municipales-de-avellaneda\/","title":{"rendered":"Ferraresi recibi\u00f3 a los integrantes de la nueva Uni\u00f3n de Municipales de Avellaneda"},"content":{"rendered":"<p><span style=\"font-family: Tahoma;\"><a href=\"http:\/\/www.elsindical.com.ar\/notas\/var\/www\/html\/notas\/wp-content\/uploads\/2014\/04\/IMG_9843.jpg\"><img loading=\"lazy\" decoding=\"async\" class=\"alignnone size-medium wp-image-42213\" src=\"http:\/\/www.elsindical.com.ar\/notas\/var\/www\/html\/notas\/wp-content\/uploads\/2014\/04\/IMG_9843-300x140.jpg\" alt=\"IMG_9843\" width=\"300\" height=\"140\" srcset=\"https:\/\/www.elsindical.com.ar\/notas\/var\/www\/html\/notas\/wp-content\/uploads\/2014\/04\/IMG_9843-300x140.jpg 300w, https:\/\/www.elsindical.com.ar\/notas\/var\/www\/html\/notas\/wp-content\/uploads\/2014\/04\/IMG_9843-500x233.jpg 500w, https:\/\/www.elsindical.com.ar\/notas\/var\/www\/html\/notas\/wp-content\/uploads\/2014\/04\/IMG_9843.jpg 620w\" sizes=\"auto, (max-width: 300px) 100vw, 300px\" \/><\/a>El intendente Jorge Ferraresi se reuni\u00f3 esta ma\u00f1ana en el palacio comunal con los integrantes de la nueva Uni\u00f3n de Municipales de Avellaneda encabezados por Daniel Aversa.<\/span><\/p>\n<p><span style=\"font-family: Tahoma;\"> Durante el encuentro, se realiz\u00f3 la invitaci\u00f3n formal al acto de fundaci\u00f3n de la nueva organizaci\u00f3n sindical, el viernes 25 en el auditorio Faur\u00e9. <\/span><\/p>\n<p><span style=\"font-family: Tahoma;\">\u201cAgradecemos el apoyo del intendente por su aporte para que los trabajadores se organicen para tener su propio gremio\u201d, dijo Aversa. Asimismo, Ferraresi alent\u00f3 a los trabajadores a defender sus ideas: \u201cNos va a ir mejor si a la Argentina le va bien. Todos somos parte de este proyecto nacional\u201d.<\/span><\/p>\n","protected":false},"excerpt":{"rendered":"<p>El intendente Jorge Ferraresi se reuni\u00f3 esta ma\u00f1ana en el palacio comunal con los integrantes de la nueva Uni\u00f3n de Municipales de Avellaneda encabezados por Daniel Aversa. Durante el encuentro, se realiz\u00f3 la invitaci\u00f3n formal al acto de fundaci\u00f3n de la nueva organizaci\u00f3n sindical, el viernes 25 en el auditorio Faur\u00e9. \u201cAgradecemos el apoyo del&hellip;<\/p>\n","protected":false},"author":1,"featured_media":0,"comment_status":"open","ping_status":"open","sticky":false,"template":"","format":"standard","meta":{"footnotes":""},"categories":[16],"tags":[18556,1062,18555],"class_list":["post-42212","post","type-post","status-publish","format-standard","hentry","category-gremiales","tag-daniel-aversa","tag-jorge-ferraresi","tag-union-de-municipales-de-avellaneda"],"_links":{"self":[{"href":"https:\/\/www.elsindical.com.ar\/notas\/wp-json\/wp\/v2\/posts\/42212","targetHints":{"allow":["GET"]}}],"collection":[{"href":"https:\/\/www.elsindical.com.ar\/notas\/wp-json\/wp\/v2\/posts"}],"about":[{"href":"https:\/\/www.elsindical.com.ar\/notas\/wp-json\/wp\/v2\/types\/post"}],"author":[{"embeddable":true,"href":"https:\/\/www.elsindical.com.ar\/notas\/wp-json\/wp\/v2\/users\/1"}],"replies":[{"embeddable":true,"href":"https:\/\/www.elsindical.com.ar\/notas\/wp-json\/wp\/v2\/comments?post=42212"}],"version-history":[{"count":1,"href":"https:\/\/www.elsindical.com.ar\/notas\/wp-json\/wp\/v2\/posts\/42212\/revisions"}],"predecessor-version":[{"id":42214,"href":"https:\/\/www.elsindical.com.ar\/notas\/wp-json\/wp\/v2\/posts\/42212\/revisions\/42214"}],"wp:attachment":[{"href":"https:\/\/www.elsindical.com.ar\/notas\/wp-json\/wp\/v2\/media?parent=42212"}],"wp:term":[{"taxonomy":"category","embeddable":true,"href":"https:\/\/www.elsindical.com.ar\/notas\/wp-json\/wp\/v2\/categories?post=42212"},{"taxonomy":"post_tag","embeddable":true,"href":"https:\/\/www.elsindical.com.ar\/notas\/wp-json\/wp\/v2\/tags?post=42212"}],"curies":[{"name":"wp","href":"https:\/\/api.w.org\/{rel}","templated":true}]}}