{"id":42200,"date":"2014-04-21T18:56:23","date_gmt":"2014-04-21T21:56:23","guid":{"rendered":"http:\/\/www.elsindical.com.ar\/notas\/?p=42200"},"modified":"2014-04-21T18:56:23","modified_gmt":"2014-04-21T21:56:23","slug":"avellaneda-violenta-graves-incidentes-en-el-partido-dock-sud-y-laferrere","status":"publish","type":"post","link":"https:\/\/www.elsindical.com.ar\/notas\/avellaneda-violenta-graves-incidentes-en-el-partido-dock-sud-y-laferrere\/","title":{"rendered":"Avellaneda violenta, graves incidentes en el partido Dock Sud y Laferrere"},"content":{"rendered":"<p><em><a href=\"http:\/\/www.elsindical.com.ar\/notas\/var\/www\/html\/notas\/wp-content\/uploads\/2014\/04\/autos-quemados-Dock-Sud.jpg\"><img loading=\"lazy\" decoding=\"async\" class=\"alignnone size-medium wp-image-42201\" src=\"http:\/\/www.elsindical.com.ar\/notas\/var\/www\/html\/notas\/wp-content\/uploads\/2014\/04\/autos-quemados-Dock-Sud-300x168.jpg\" alt=\"autos-quemados-Dock-Sud\" width=\"300\" height=\"168\" srcset=\"https:\/\/www.elsindical.com.ar\/notas\/var\/www\/html\/notas\/wp-content\/uploads\/2014\/04\/autos-quemados-Dock-Sud-300x168.jpg 300w, https:\/\/www.elsindical.com.ar\/notas\/var\/www\/html\/notas\/wp-content\/uploads\/2014\/04\/autos-quemados-Dock-Sud-500x280.jpg 500w, https:\/\/www.elsindical.com.ar\/notas\/var\/www\/html\/notas\/wp-content\/uploads\/2014\/04\/autos-quemados-Dock-Sud.jpg 502w\" sizes=\"auto, (max-width: 300px) 100vw, 300px\" \/><\/a>Avellaneda vuelve a estar entre las noticias policiales en menos de 12 horas, esta vez porque barras del conjunto local (que se identifican\u00a0con ela gesti\u00f3n del intendente Ferraresi)\u00a0incendiaron varios veh\u00edculos pertenecientes a dirigentes del visitante y se enfrentaron con polic\u00edas. El encuentro debi\u00f3 ser suspendido por la gravedad de los acontecimientos.<\/em><\/p>\n<p>Un encuentro de la cuarta categor\u00eda del f\u00fatbol argentino fue el marco para una <b>nueva jornada de violencia<\/b> en los estadios.<\/p>\n<div><b>Dock Sud<\/b> y <b>Laferrere<\/b> disputaban el encuentro v\u00e1lido por el certamen de Primera C, pero, a pocos minutos para el cierre y cuando la visita ganaba por 1-0, el partido debi\u00f3 ser suspendido por un grave enfrentamiento entre hinchas locales y la polic\u00eda.<\/p>\n<div><\/div>\n<div>El cruce entre los barras locales y los efectivos policiales se desat\u00f3 en las afueras del estadio \u00abEl Docke\u00bb luego de que los primeros <b>quemaran varios autos y camionetas <\/b>pertenecientes a la delegaci\u00f3n de dirigentes visitantes. Uno de los veh\u00edculos incendiados es el del presidente de Laferrere.<\/div>\n<div><\/div>\n<div>Los hechos se suman a los registrados en otros partidos de categor\u00edas de ascenso durante el fin de semana. El pasado viernes hinchas de Villa San Carlos se hab\u00edan enfrentado con la polic\u00eda, por lo que su duelo ante Boca Unidos fue suspendido y, en el cl\u00e1sico entre Temperley y Los Andes, los hinchas del \u00abCeleste\u00bb causaron serios destrozos luego de la ca\u00edda de su equipo.<\/div>\n<\/div>\n","protected":false},"excerpt":{"rendered":"<p>Avellaneda vuelve a estar entre las noticias policiales en menos de 12 horas, esta vez porque barras del conjunto local (que se identifican\u00a0con ela gesti\u00f3n del intendente Ferraresi)\u00a0incendiaron varios veh\u00edculos pertenecientes a dirigentes del visitante y se enfrentaron con polic\u00edas. El encuentro debi\u00f3 ser suspendido por la gravedad de los acontecimientos. Un encuentro de la&hellip;<\/p>\n","protected":false},"author":1,"featured_media":0,"comment_status":"open","ping_status":"open","sticky":false,"template":"","format":"standard","meta":{"footnotes":""},"categories":[22],"tags":[18550,461,3028,9632,3817,30,318],"class_list":["post-42200","post","type-post","status-publish","format-standard","hentry","category-policiales","tag-autos-quemados","tag-avellaneda","tag-dock-sud","tag-laferrere","tag-partido","tag-policia","tag-violencia"],"_links":{"self":[{"href":"https:\/\/www.elsindical.com.ar\/notas\/wp-json\/wp\/v2\/posts\/42200","targetHints":{"allow":["GET"]}}],"collection":[{"href":"https:\/\/www.elsindical.com.ar\/notas\/wp-json\/wp\/v2\/posts"}],"about":[{"href":"https:\/\/www.elsindical.com.ar\/notas\/wp-json\/wp\/v2\/types\/post"}],"author":[{"embeddable":true,"href":"https:\/\/www.elsindical.com.ar\/notas\/wp-json\/wp\/v2\/users\/1"}],"replies":[{"embeddable":true,"href":"https:\/\/www.elsindical.com.ar\/notas\/wp-json\/wp\/v2\/comments?post=42200"}],"version-history":[{"count":1,"href":"https:\/\/www.elsindical.com.ar\/notas\/wp-json\/wp\/v2\/posts\/42200\/revisions"}],"predecessor-version":[{"id":42202,"href":"https:\/\/www.elsindical.com.ar\/notas\/wp-json\/wp\/v2\/posts\/42200\/revisions\/42202"}],"wp:attachment":[{"href":"https:\/\/www.elsindical.com.ar\/notas\/wp-json\/wp\/v2\/media?parent=42200"}],"wp:term":[{"taxonomy":"category","embeddable":true,"href":"https:\/\/www.elsindical.com.ar\/notas\/wp-json\/wp\/v2\/categories?post=42200"},{"taxonomy":"post_tag","embeddable":true,"href":"https:\/\/www.elsindical.com.ar\/notas\/wp-json\/wp\/v2\/tags?post=42200"}],"curies":[{"name":"wp","href":"https:\/\/api.w.org\/{rel}","templated":true}]}}