{"id":42186,"date":"2014-04-21T02:34:56","date_gmt":"2014-04-21T05:34:56","guid":{"rendered":"http:\/\/www.elsindical.com.ar\/notas\/?p=42186"},"modified":"2014-04-21T10:59:16","modified_gmt":"2014-04-21T13:59:16","slug":"carlos-jorge-quercetti-una-victima-de-la-corrupcion","status":"publish","type":"post","link":"https:\/\/www.elsindical.com.ar\/notas\/carlos-jorge-quercetti-una-victima-de-la-corrupcion\/","title":{"rendered":"Carlos Jorge Quercetti una v\u00edctima de la corrupci\u00f3n"},"content":{"rendered":"<p><em><a href=\"http:\/\/www.elsindical.com.ar\/notas\/var\/www\/html\/notas\/wp-content\/uploads\/2014\/04\/parrilla-El-Tano-pintada.jpg\"><img loading=\"lazy\" decoding=\"async\" class=\"alignnone size-medium wp-image-42189\" src=\"http:\/\/www.elsindical.com.ar\/notas\/var\/www\/html\/notas\/wp-content\/uploads\/2014\/04\/parrilla-El-Tano-pintada-300x225.jpg\" alt=\"parrilla-El-Tano-pintada\" width=\"300\" height=\"225\" srcset=\"https:\/\/www.elsindical.com.ar\/notas\/var\/www\/html\/notas\/wp-content\/uploads\/2014\/04\/parrilla-El-Tano-pintada-300x225.jpg 300w, https:\/\/www.elsindical.com.ar\/notas\/var\/www\/html\/notas\/wp-content\/uploads\/2014\/04\/parrilla-El-Tano-pintada-399x300.jpg 399w, https:\/\/www.elsindical.com.ar\/notas\/var\/www\/html\/notas\/wp-content\/uploads\/2014\/04\/parrilla-El-Tano-pintada.jpg 531w\" sizes=\"auto, (max-width: 300px) 100vw, 300px\" \/><\/a>La historia de Carlos Jorge Quercetti, se parece a la de muchos de los vecinos del partido de Avellaneda, que viven siendo v\u00edctimas de la corrupci\u00f3n enquistada en el municipio, donde pasan los gobiernos pero muchos de los funcionarios se reciclan y contin\u00faan con sus \u201cnegocios\u201d que no siempre est\u00e1n dentro de los par\u00e1metros de la Ley.<\/em><\/p>\n<p>Ya hemos mencionado a algunos de los funcionarios que por acci\u00f3n y omisi\u00f3n han permitido que un grupo de \u201cp\u00edcaros\u201d lucren en beneficio propio y de espaldas a los vecinos, aprovechando la oportunidad \u00fanica que les brinda este municipio donde nadie se hace cargo de nada y mucho menos dan explicaciones.<\/p>\n<p>El engranaje para que los actos de corrupci\u00f3n se perpet\u00faen en el tiempo debe ser bien aceitado, funcionarios municipales entongados con polic\u00edas, funcionarios judiciales y civiles dispuestos a formar parte de esa cadena invisible de negociados e impunidad.<\/p>\n<p>Carlos Jorge Quercetti es un vecino de la localidad de Sarand\u00ed, vecino de la Parrilla El Tano, actualmente ubicada en la intersecci\u00f3n de las calles De Benedetti y Hern\u00e1n Cort\u00e9s, justo frente al conocido local gastron\u00f3mico, y es esa cercan\u00eda que le ha complicado la vida al ir creciendo con los a\u00f1os la parrilla y esta sumar m\u00e1s comensales y desorden. Las reclamos de los vecinos en genera comenzaron por la inconducta de los clientes que suelen estacionar donde les quede m\u00e1s c\u00f3modo sin preocuparse si est\u00e1 bien o molesta a alguien lo que hacen.<\/p>\n<p>Durante la entrevista de nuestro Multimedios El Sindical\u00a0al se\u00f1or Carlos Jorge Quercetti, este nos refiri\u00f3 infinidad de hechos que demuestran lo que es vivir frente a una concurrida parrilla que no tiene ning\u00fan tipo de control municipal, muchos de los cuales no han sido denunciados, pero no por eso son menos importantes, si tenemos en cuenta la reiteraci\u00f3n de las conductas que causan molestias tanto a su persona como a otros vecinos, que por temor no denuncian, ya que la familia del Tano es muy temida por la forma corporativa de actuar.<\/p>\n<p>El vecino viene esperando una respuesta por parte de las autoridades municipales desde el a\u00f1o 2009, cuando el 31 de diciembre de ese a\u00f1o, su propiedad fue atacada y da\u00f1ada por empleados y dos de los hijos, Dami\u00e1n y Bruno, del due\u00f1o de la parrilla Juan Caschetto, en represalia a sus reclamos, por ese tema se inici\u00f3 una causa penal en el Polo Judicial de Avellaneda en la UFI N\u00ba 3 a cargo del Dr. Rojas Alejandro, I.P.P 07-02-014333-11, en la que se imput\u00f3 como autor material de los da\u00f1os a la propiedad del denunciante al se\u00f1or PERUCHENA MIGUEL IGNACIO, quedando pendiente las acciones contra BRUNO WALTER CASCHETTO.<\/p>\n<p>Quercetti, viene denunciando sin respuestas y sin que algo haya cambiado los siguientes puntos a destacar:<\/p>\n<p>1-Mal estacionamiento de los clientes que concurren al lugar, obstrucci\u00f3n de ochavas, de paradas de colectivos, de rampas, estacionamiento a 45\u00ba y en doble fila en avenida de importante circulaci\u00f3n.<\/p>\n<p>2-Uso de micr\u00f3fonos y parlantes en horas nocturnas lo que dificulta el descanso de los vecinos.<\/p>\n<p>3-Que el local efect\u00faa bailes, fiestas y celebraciones, actividades para las cuales por las caracter\u00edsticas del lugar no estar\u00eda habilitado ya que no tendr\u00eda las dimensiones necesarias.<\/p>\n<p>4-En la parte superior externa del local se encuentran 5 chimeneas, las cuales se encuentran apoyadas sin ning\u00fan tipo de aislamiento como debe ser, sobre la medianera de la propiedad lindante, que la altura de las mismas no es la reglamentaria lo que provoca adem\u00e1s la emanaci\u00f3n de humo que se desparrama en las casas linderas.<\/p>\n<p>5-Que la c\u00e1mara de desag\u00fce de la calle Hern\u00e1n Cort\u00e9s, es utilizada para el derrame de fluidos, grasas, aceites quemados y otros residuos menores, lo que hace que constantemente personal de la empresa AySa, deba realizar trabajos de limpieza; tambi\u00e9n sobre la Av. De Benedetti se observan en la calle y la vereda los restos de grasa.<\/p>\n<p>6-Que el pelotero que se encuentra dentro del local, est\u00e1 apoyado sobre la medianera de la propiedad de Hern\u00e1n Cort\u00e9s 610, lo que se transforma en una molestia para sus habitantes los que a los ruidos suman la vibraci\u00f3n de la pared.<\/p>\n<p>7-Que por la cantidad de comensales, se colocan mesas que obstruyen la salida, una tapa totalmente una supuesta salida de emergencia y los ba\u00f1os existentes, no suelen ser suficientes para la concurrencia, lo que motiva que muchos hombres, salgan del lugar a orinar en las paredes, \u00e1rboles, autos y puertas de los vecinos.<\/p>\n<p>8-Las puertas de ingreso al local no poseen las medidas m\u00ednimas reglamentarias y abren hacia adentro en lugar de hacerlo hacia afuera.<\/p>\n<p>9-Se suele ocupar toda la vereda con mesas que impiden el paso por el lugar debiendo los vecinos bajar a la calle para continuar su marcha.<\/p>\n<p>10-Falta de limpieza y conservaci\u00f3n de los alimentos, falta de vestuarios del personal de la parrilla conforme a los requisitos de habilitaci\u00f3n de comercios del municipio.<\/p>\n<p>11-Falta de registraci\u00f3n de los empleados o falsas relaciones laborales, falta de registradora fiscal.<\/p>\n<p>Que de la documentaci\u00f3n que el se\u00f1or Quercetti nos entrega copia, se pueden apreciar adem\u00e1s de todas las presentaciones en el municipio que son varias, quienes han sido debidamente notificados, con lo cual no pueden desconocer la situaci\u00f3n, pero los vamos a mencionar para conocimiento de todos los lectores y ver\u00e1n que curiosamente se repiten nombres y apellidos en hechos similares.<\/p>\n<p>Intendente Ing. Jorge Ferraresi, Secretario de Gobierno y Seguridad, Pablo Vera, ex Secretaria de seguridad Lilian Fern\u00e1ndez, Director General de Seguridad Cristian Tosi, Director de Seguridad Urbana y Control Vial Jos\u00e9 P. Macchioli, Director de Habilitaciones Comerciales Juan Domingo Per\u00f3n, Director de Inspecci\u00f3n General Juan Balado, Jefe de Calle Sr. Rodr\u00edguez de la Direcci\u00f3n de Tr\u00e1nsito, Direcci\u00f3n Antisiniestral Sta. Silvina.<\/p>\n<p>Denuncia adem\u00e1s el vecino y aporta las fotos que respaldan su denuncia, que la parrila estuvo pintada con colores de los que se utilizan para identificar la \u201cgesti\u00f3n Ferraresi\u201d y que la pintura fue aportada por personas que conduc\u00edan una camioneta con logos del municipio identificando a la misma como un utilitario peque\u00f1o marca Fiat Fiorino, patente BOW 122, la que suele ver dando vueltas por el barrio.<\/p>\n<p>Otra de las denuncias al intendente Jorge Ferraresi que no han tenido respuesta, tienen que ver con la presencia en la parrilla y en los comercios del lugar de una persona que dice ser Director Municipal, quien se presenta como \u00abpitito\u00bb Rodr\u00edguez o\u00a0el \u00abpollo\u00bb\u00a0que asegura haber frenado todas las denuncias a la parrilla por su influencias y que incluso fue el autor de la mediaci\u00f3n judicial, pudiendo poner en \u201ccapilla\u201d al viejo ese que jode en referencia al se\u00f1or Quercetti, profiriendo todo tipo de improperios.<\/p>\n<p>La conclusi\u00f3n a la que podemos arribar con certeza es que Carlos Jorge Quercetti es un vecino en riesgo, han da\u00f1ado y escrito leyendas en su propiedad, ha sido insultado y amenazado con la impunidad de los cobardes y de los que se saben poderosos por el solo hecho de saber manejarse entre funcionarios corruptos.<\/p>\n<p>Con toda la documentaci\u00f3n presentada, sellada y en el tiempo, no cabe otra posibilidad que alg\u00fan Fiscal de oficio inicie una investigaci\u00f3n penal contra las funcionarios mencionados, ya que ninguno puede decir que desde el a\u00f1o 2009 no se han enterado de las denuncias o que no se las han hecho llegar. Este vecino solo quiere vivir en paz, que no lo molesten, que no le ensucien su propiedad, que no se la da\u00f1en, quiere que el municipio sea equitativo y que cumpla con sus obligaciones y que al igual que todos, los due\u00f1os de la Parrilla El Tano cumplan con las disposiciones vigentes.<\/p>\n<p>Los lectores, los vecinos y los periodistas queremos una explicaci\u00f3n sobre qui\u00e9n protege desde la corrupci\u00f3n este lugar, qui\u00e9n o quienes se apartan de sus obligaciones y esperamos que el Intendente Jorge Ferraresi deje de evadir sus obligaciones de la forma en que reiteradamente lo hace, las pruebas de la mala gesti\u00f3n de sus funcionarios datan desde el a\u00f1o 2009, as\u00ed que dejen de buscar excusas en que la prensa los busca desprestigiar y p\u00f3nganse a trabajar de una buena vez.<\/p>\n<p>Aparte se\u00f1or Intendente a los malos funcionarios, y\u00a0 lleve soluciones a los vecinos que para ese fin y no otro lo han votado.<\/p>\n<p><a href=\"http:\/\/www.elsindical.com.ar\/notas\/var\/www\/html\/notas\/wp-content\/uploads\/2014\/04\/Fiat-Fiorino-BOW-122.jpg\"><img loading=\"lazy\" decoding=\"async\" class=\"alignnone size-medium wp-image-42188\" src=\"http:\/\/www.elsindical.com.ar\/notas\/var\/www\/html\/notas\/wp-content\/uploads\/2014\/04\/Fiat-Fiorino-BOW-122-300x225.jpg\" alt=\"Fiat-Fiorino-BOW-122\" width=\"300\" height=\"225\" srcset=\"https:\/\/www.elsindical.com.ar\/notas\/var\/www\/html\/notas\/wp-content\/uploads\/2014\/04\/Fiat-Fiorino-BOW-122-300x225.jpg 300w, https:\/\/www.elsindical.com.ar\/notas\/var\/www\/html\/notas\/wp-content\/uploads\/2014\/04\/Fiat-Fiorino-BOW-122-399x300.jpg 399w, https:\/\/www.elsindical.com.ar\/notas\/var\/www\/html\/notas\/wp-content\/uploads\/2014\/04\/Fiat-Fiorino-BOW-122.jpg 531w\" sizes=\"auto, (max-width: 300px) 100vw, 300px\" \/><\/a> <a href=\"http:\/\/www.elsindical.com.ar\/notas\/var\/www\/html\/notas\/wp-content\/uploads\/2014\/04\/mesas-en-la-vereda.jpg\"><img loading=\"lazy\" decoding=\"async\" class=\"alignnone size-medium wp-image-42187\" src=\"http:\/\/www.elsindical.com.ar\/notas\/var\/www\/html\/notas\/wp-content\/uploads\/2014\/04\/mesas-en-la-vereda-224x300.jpg\" alt=\"mesas-en-la-vereda\" width=\"224\" height=\"300\" srcset=\"https:\/\/www.elsindical.com.ar\/notas\/var\/www\/html\/notas\/wp-content\/uploads\/2014\/04\/mesas-en-la-vereda-224x300.jpg 224w, https:\/\/www.elsindical.com.ar\/notas\/var\/www\/html\/notas\/wp-content\/uploads\/2014\/04\/mesas-en-la-vereda.jpg 531w\" sizes=\"auto, (max-width: 224px) 100vw, 224px\" \/><\/a><\/p>\n<p><iframe loading=\"lazy\" src=\"\/\/www.youtube.com\/embed\/i12WYgO7uuQ\" width=\"580\" height=\"420\" frameborder=\"0\" allowfullscreen=\"allowfullscreen\"><\/iframe><iframe loading=\"lazy\" src=\"http:\/\/www.ivoox.com\/player_ej_3041907_2_1.html?data=lJWhk56Ue46ZmKiakp6Jd6Kpl5KSmaiRdo6ZmKiakpKJe6ShkZKSmaiRic%2Fo08rjy9jYpYzVjKjO1NHTt4y%2B0NfUx5C1ucbmxMrh1s6RaZi3jrLO1MjJsNCfs87Qw9fIs4y8wtzf29HHrdihhpywj5k%3D&amp;\" width=\"100%\" height=\"120\" frameborder=\"0\" scrolling=\"no\" allowfullscreen=\"allowfullscreen\"><\/iframe><\/p>\n<p><em><strong>Por Marcelo Ricardo Hawrylciw<\/strong><\/em><\/p>\n","protected":false},"excerpt":{"rendered":"<p>La historia de Carlos Jorge Quercetti, se parece a la de muchos de los vecinos del partido de Avellaneda, que viven siendo v\u00edctimas de la corrupci\u00f3n enquistada en el municipio, donde pasan los gobiernos pero muchos de los funcionarios se reciclan y contin\u00faan con sus \u201cnegocios\u201d que no siempre est\u00e1n dentro de los par\u00e1metros de&hellip;<\/p>\n","protected":false},"author":1,"featured_media":0,"comment_status":"open","ping_status":"open","sticky":false,"template":"","format":"standard","meta":{"footnotes":""},"categories":[6],"tags":[461,18544,18543,1451,18547,1062,18548,18549,18542,1218,16624,13467,18105,18545,18546,1724,2330,8924],"class_list":["post-42186","post","type-post","status-publish","format-standard","hentry","category-denuncias","tag-avellaneda","tag-bruno-walter-caschetto","tag-carlos-jorge-quercetti","tag-corrupcion","tag-cristian-tosi","tag-jorge-ferraresi","tag-jose-p-macchioli","tag-juan-balado","tag-juan-caschetto","tag-juan-domingo-peron","tag-lilian-fernandez","tag-pablo-vera","tag-parrilla-el-tano","tag-peruchena-miguel-ignacio","tag-pitito-rodriguez","tag-polo-judicial","tag-sarandi","tag-ufi-3"],"_links":{"self":[{"href":"https:\/\/www.elsindical.com.ar\/notas\/wp-json\/wp\/v2\/posts\/42186","targetHints":{"allow":["GET"]}}],"collection":[{"href":"https:\/\/www.elsindical.com.ar\/notas\/wp-json\/wp\/v2\/posts"}],"about":[{"href":"https:\/\/www.elsindical.com.ar\/notas\/wp-json\/wp\/v2\/types\/post"}],"author":[{"embeddable":true,"href":"https:\/\/www.elsindical.com.ar\/notas\/wp-json\/wp\/v2\/users\/1"}],"replies":[{"embeddable":true,"href":"https:\/\/www.elsindical.com.ar\/notas\/wp-json\/wp\/v2\/comments?post=42186"}],"version-history":[{"count":2,"href":"https:\/\/www.elsindical.com.ar\/notas\/wp-json\/wp\/v2\/posts\/42186\/revisions"}],"predecessor-version":[{"id":42195,"href":"https:\/\/www.elsindical.com.ar\/notas\/wp-json\/wp\/v2\/posts\/42186\/revisions\/42195"}],"wp:attachment":[{"href":"https:\/\/www.elsindical.com.ar\/notas\/wp-json\/wp\/v2\/media?parent=42186"}],"wp:term":[{"taxonomy":"category","embeddable":true,"href":"https:\/\/www.elsindical.com.ar\/notas\/wp-json\/wp\/v2\/categories?post=42186"},{"taxonomy":"post_tag","embeddable":true,"href":"https:\/\/www.elsindical.com.ar\/notas\/wp-json\/wp\/v2\/tags?post=42186"}],"curies":[{"name":"wp","href":"https:\/\/api.w.org\/{rel}","templated":true}]}}