{"id":42159,"date":"2014-04-18T12:34:25","date_gmt":"2014-04-18T15:34:25","guid":{"rendered":"http:\/\/www.elsindical.com.ar\/notas\/?p=42159"},"modified":"2017-05-26T09:49:04","modified_gmt":"2017-05-26T12:49:04","slug":"lanusconcurso-literario-para-conmemorar-los-70-anos","status":"publish","type":"post","link":"https:\/\/www.elsindical.com.ar\/notas\/lanusconcurso-literario-para-conmemorar-los-70-anos\/","title":{"rendered":"Lan\u00fas:Concurso literario para conmemorar los 70 a\u00f1os"},"content":{"rendered":"<p><em><a href=\"http:\/\/www.elsindical.com.ar\/notas\/var\/www\/html\/notas\/wp-content\/uploads\/2014\/01\/escritura.jpg\"><img loading=\"lazy\" decoding=\"async\" class=\"alignnone size-medium wp-image-40391\" src=\"http:\/\/www.elsindical.com.ar\/notas\/var\/www\/html\/notas\/wp-content\/uploads\/2014\/01\/escritura-300x203.jpg\" alt=\"escritura\" width=\"300\" height=\"203\" srcset=\"https:\/\/www.elsindical.com.ar\/notas\/var\/www\/html\/notas\/wp-content\/uploads\/2014\/01\/escritura-300x203.jpg 300w, https:\/\/www.elsindical.com.ar\/notas\/var\/www\/html\/notas\/wp-content\/uploads\/2014\/01\/escritura.jpg 413w\" sizes=\"auto, (max-width: 300px) 100vw, 300px\" \/><\/a>\u201cLan\u00fas cuenta con vos\u201d, es el nombre del concurso literario para que los vecinos cuenten sus vivencias y recuerdos del distrito. La inscripci\u00f3n finaliza el 18 de julio y las obras premiadas ser\u00e1n publicadas en una antolog\u00eda en conmemoraci\u00f3n de los 70 a\u00f1os del Municipio.<\/em><\/p>\n<p>Hace casi 70 a\u00f1os, Lan\u00fas lograba su autonom\u00eda del partido de Avellaneda gracias al impulso comercial y su gran desarrollo poblacional. Este hecho hist\u00f3rico para la ciudad ser\u00e1 conmemorado con el concurso de cuentos y relatos \u201cLan\u00fas cuenta con vos\u201d para que todos aquellos vecinos amantes de la escritura env\u00eden sus trabajos sobre sus vivencias y recuerdos en el distrito.<\/p>\n<p>El concurso literario apunta a escritores mayores de 16 a\u00f1os que vivan en el distrito que desarrollen cuentos y relatos reales o ficcionales con referencia a la ciudad de Lan\u00fas. \u201cPueden ser desde recuerdos de la infancia por las callecitas del barrio, o alg\u00fan otro hecho que haya sucedido en el municipio. Tambi\u00e9n que alguno de los personajes del texto sea de Lan\u00fas, o hasta puede haber fragmentos que sit\u00faen o hablen de la ciudad\u201d, apunt\u00f3 el coordinador del concurso y de los talleres literarios de Lan\u00fas, Hern\u00e1n Tenorio.<\/p>\n<p>Los trabajos deber\u00e1n tener una extensi\u00f3n de dos p\u00e1ginas y estar escrito en letra Arial tama\u00f1o 12 con interlineado intermedio en hoja A 4, si se escribe por computadora; o bien en letra imprenta may\u00fascula legible, si es escrito a mano.<\/p>\n<p>Las producciones podr\u00e1n ser entregadas hasta el 18 de julio tanto por mail a lanuscuentaconvos@gmail.com, o de forma personal en Melo 1669, Lan\u00fas Oeste. En este \u00faltimo caso, destacaron desde la organizaci\u00f3n que es muy importante presentar el trabajo por \u201cduplicado y en sobre papel madera\u201d. Y en ambos tipos de presentaciones hay que especificar los datos del autor, esto es, nombre y apellido, direcci\u00f3n, DNI y tel\u00e9fono.<\/p>\n<p>Adem\u00e1s Tenorio destac\u00f3 que \u201cse podr\u00e1 presentar la cantidad de trabajos que se desee respetando las mismas formalidades para cada uno de ellos.\u201d \u201cEl objetivo es que todos los lanusenses puedan contar su experiencia en el distrito, alguna historia de sus familiares y hasta las leyendas que corren sobre este territorio. Es un muy lindo homenaje para el barrio\u201d, se\u00f1al\u00f3.<\/p>\n<p>Una vez que finalice la inscripci\u00f3n, un jurado de expertos elegir\u00e1 los trabajos m\u00e1s representativos, los cuales ser\u00e1n publicados en una antolog\u00eda en conmemoraci\u00f3n de los 70 a\u00f1os del municipio de Lan\u00fas, que se cumplen el pr\u00f3ximo 29 de septiembre.<\/p>\n","protected":false},"excerpt":{"rendered":"<p>\u201cLan\u00fas cuenta con vos\u201d, es el nombre del concurso literario para que los vecinos cuenten sus vivencias y recuerdos del distrito. La inscripci\u00f3n finaliza el 18 de julio y las obras premiadas ser\u00e1n publicadas en una antolog\u00eda en conmemoraci\u00f3n de los 70 a\u00f1os del Municipio. Hace casi 70 a\u00f1os, Lan\u00fas lograba su autonom\u00eda del partido&hellip;<\/p>\n","protected":false},"author":1,"featured_media":0,"comment_status":"open","ping_status":"open","sticky":false,"template":"","format":"standard","meta":{"footnotes":""},"categories":[25],"tags":[9921,22019,18537,209],"class_list":["post-42159","post","type-post","status-publish","format-standard","hentry","category-sociedad","tag-concurso","tag-convocatoria","tag-hernan-tenorio","tag-lanus"],"_links":{"self":[{"href":"https:\/\/www.elsindical.com.ar\/notas\/wp-json\/wp\/v2\/posts\/42159","targetHints":{"allow":["GET"]}}],"collection":[{"href":"https:\/\/www.elsindical.com.ar\/notas\/wp-json\/wp\/v2\/posts"}],"about":[{"href":"https:\/\/www.elsindical.com.ar\/notas\/wp-json\/wp\/v2\/types\/post"}],"author":[{"embeddable":true,"href":"https:\/\/www.elsindical.com.ar\/notas\/wp-json\/wp\/v2\/users\/1"}],"replies":[{"embeddable":true,"href":"https:\/\/www.elsindical.com.ar\/notas\/wp-json\/wp\/v2\/comments?post=42159"}],"version-history":[{"count":1,"href":"https:\/\/www.elsindical.com.ar\/notas\/wp-json\/wp\/v2\/posts\/42159\/revisions"}],"predecessor-version":[{"id":42160,"href":"https:\/\/www.elsindical.com.ar\/notas\/wp-json\/wp\/v2\/posts\/42159\/revisions\/42160"}],"wp:attachment":[{"href":"https:\/\/www.elsindical.com.ar\/notas\/wp-json\/wp\/v2\/media?parent=42159"}],"wp:term":[{"taxonomy":"category","embeddable":true,"href":"https:\/\/www.elsindical.com.ar\/notas\/wp-json\/wp\/v2\/categories?post=42159"},{"taxonomy":"post_tag","embeddable":true,"href":"https:\/\/www.elsindical.com.ar\/notas\/wp-json\/wp\/v2\/tags?post=42159"}],"curies":[{"name":"wp","href":"https:\/\/api.w.org\/{rel}","templated":true}]}}