{"id":42156,"date":"2014-04-18T11:46:33","date_gmt":"2014-04-18T14:46:33","guid":{"rendered":"http:\/\/www.elsindical.com.ar\/notas\/?p=42156"},"modified":"2014-04-18T11:46:33","modified_gmt":"2014-04-18T14:46:33","slug":"cordobaejemplar-condena-a-padres-de-hijos-que-hacian-bullying","status":"publish","type":"post","link":"https:\/\/www.elsindical.com.ar\/notas\/cordobaejemplar-condena-a-padres-de-hijos-que-hacian-bullying\/","title":{"rendered":"C\u00f3rdoba:Ejemplar condena a padres de hijos que hacian Bullying"},"content":{"rendered":"<p><em><a href=\"http:\/\/www.elsindical.com.ar\/notas\/var\/www\/html\/notas\/wp-content\/uploads\/2014\/04\/bullying-golpes.jpg\"><img loading=\"lazy\" decoding=\"async\" class=\"alignnone size-medium wp-image-42157\" src=\"http:\/\/www.elsindical.com.ar\/notas\/var\/www\/html\/notas\/wp-content\/uploads\/2014\/04\/bullying-golpes-300x168.jpg\" alt=\"bullying-golpes\" width=\"300\" height=\"168\" srcset=\"https:\/\/www.elsindical.com.ar\/notas\/var\/www\/html\/notas\/wp-content\/uploads\/2014\/04\/bullying-golpes-300x168.jpg 300w, https:\/\/www.elsindical.com.ar\/notas\/var\/www\/html\/notas\/wp-content\/uploads\/2014\/04\/bullying-golpes-500x280.jpg 500w, https:\/\/www.elsindical.com.ar\/notas\/var\/www\/html\/notas\/wp-content\/uploads\/2014\/04\/bullying-golpes.jpg 502w\" sizes=\"auto, (max-width: 300px) 100vw, 300px\" \/><\/a>La Justicia de C\u00f3rdoba los oblig\u00f3 a pagar una indemnizaci\u00f3n a los progenitores del chico que fue golpeado.<\/em> <b>Los fundamentos del fallo<\/b>.<\/p>\n<p>\u00abHoy es cada d\u00eda m\u00e1s frecuente la ocurrencia de este tipo de peleas entre adolescentes, muchas de ellas con resultados fatales, por lo cual<strong>es deber de los padres ser extremadamente &#8216;puntillosos&#8217; a la hora de autorizar salidas sin su presencia<\/strong>\u00ab, destaca el fallo de la Justicia respecto de las obligaciones de los progenitores.<\/p>\n<p>As\u00ed, la Justicia conden\u00f3 civilmente a <strong>los padres de dos menores de edad <\/strong>que agredieron brutalmente a un chico al que le provocaron <strong>graves heridas <\/strong>en la ciudad de C\u00f3rdoba. Los progenitores deber\u00e1n <strong>pagar una indemnizaci\u00f3n por la responsabilidad civil<\/strong>.<\/p>\n<p>\u201cSi bien los accionados han logrado probar que le impart\u00edan a su hijo una adecuada educaci\u00f3n, con transmisi\u00f3n de valores socialmente relevantes, <strong>en modo alguno han podido desvirtuar la falta de diligencia en la noche del hecho en cuanto a la vigilancia necesaria<\/strong>\u201d, sostiene el Tribunal de Apelaciones. \u201cA estas carencias se adiciona un error perceptivo de la realidad que rodeaba al encuentro y de las enemistades que exist\u00edan, las cuales llevaran al desenlace que nos ocupa\u201d, expres\u00f3 a continuaci\u00f3n.<\/p>\n<p>Adem\u00e1s, refieren al momento de explicar las responsabilidades que dejaron pasar los padres, de quienes aclara que \u00ab<strong>s\u00f3lo pueden eximirse demostrando que \u2013a pesar de su vigilancia activa\u2013 les ha sido imposible impedir el da\u00f1o<\/strong>, prueba que est\u00e1 a su cargo aportar\u201d.<\/p>\n<p>El pronunciamiento reconoce que en la actualidad <strong>\u201c la libertad otorgada a los adolescentes <\/strong>y el margen discrecional para su comportamiento <strong>ha crecido hasta flexibilizarse a un punto de dif\u00edcil retorno<\/strong>, equipar\u00e1ndolo equivocadamente con los adultos\u201d. Pero sin embargo, \u201c<strong>esta realidad social no exime a los padres del debido control de su hijo menor<\/strong>, aun a costa de que la reacci\u00f3n de \u00e9stos ante el l\u00edmite eventualmente impuesto por los progenitores les acarree un problema familiar\u201d.<\/p>\n","protected":false},"excerpt":{"rendered":"<p>La Justicia de C\u00f3rdoba los oblig\u00f3 a pagar una indemnizaci\u00f3n a los progenitores del chico que fue golpeado. Los fundamentos del fallo. \u00abHoy es cada d\u00eda m\u00e1s frecuente la ocurrencia de este tipo de peleas entre adolescentes, muchas de ellas con resultados fatales, por lo cuales deber de los padres ser extremadamente &#8216;puntillosos&#8217; a la&hellip;<\/p>\n","protected":false},"author":1,"featured_media":0,"comment_status":"open","ping_status":"open","sticky":false,"template":"","format":"standard","meta":{"footnotes":""},"categories":[20],"tags":[153,2786,489,18535,18536],"class_list":["post-42156","post","type-post","status-publish","format-standard","hentry","category-judiciales","tag-cordoba","tag-heridas","tag-padres","tag-tribunales-de-apelaciones","tag-vigilancias"],"_links":{"self":[{"href":"https:\/\/www.elsindical.com.ar\/notas\/wp-json\/wp\/v2\/posts\/42156","targetHints":{"allow":["GET"]}}],"collection":[{"href":"https:\/\/www.elsindical.com.ar\/notas\/wp-json\/wp\/v2\/posts"}],"about":[{"href":"https:\/\/www.elsindical.com.ar\/notas\/wp-json\/wp\/v2\/types\/post"}],"author":[{"embeddable":true,"href":"https:\/\/www.elsindical.com.ar\/notas\/wp-json\/wp\/v2\/users\/1"}],"replies":[{"embeddable":true,"href":"https:\/\/www.elsindical.com.ar\/notas\/wp-json\/wp\/v2\/comments?post=42156"}],"version-history":[{"count":1,"href":"https:\/\/www.elsindical.com.ar\/notas\/wp-json\/wp\/v2\/posts\/42156\/revisions"}],"predecessor-version":[{"id":42158,"href":"https:\/\/www.elsindical.com.ar\/notas\/wp-json\/wp\/v2\/posts\/42156\/revisions\/42158"}],"wp:attachment":[{"href":"https:\/\/www.elsindical.com.ar\/notas\/wp-json\/wp\/v2\/media?parent=42156"}],"wp:term":[{"taxonomy":"category","embeddable":true,"href":"https:\/\/www.elsindical.com.ar\/notas\/wp-json\/wp\/v2\/categories?post=42156"},{"taxonomy":"post_tag","embeddable":true,"href":"https:\/\/www.elsindical.com.ar\/notas\/wp-json\/wp\/v2\/tags?post=42156"}],"curies":[{"name":"wp","href":"https:\/\/api.w.org\/{rel}","templated":true}]}}