{"id":42107,"date":"2014-04-15T22:16:47","date_gmt":"2014-04-16T01:16:47","guid":{"rendered":"http:\/\/www.elsindical.com.ar\/notas\/?p=42107"},"modified":"2014-04-15T22:16:47","modified_gmt":"2014-04-16T01:16:47","slug":"lanusun-hombre-se-resistio-a-un-robo-y-lo-mataron-de-un-balazo","status":"publish","type":"post","link":"https:\/\/www.elsindical.com.ar\/notas\/lanusun-hombre-se-resistio-a-un-robo-y-lo-mataron-de-un-balazo\/","title":{"rendered":"Lan\u00fas:Un hombre se resisti\u00f3 a un robo y lo mataron de un balazo"},"content":{"rendered":"<p><em><a href=\"http:\/\/www.elsindical.com.ar\/notas\/var\/www\/html\/notas\/wp-content\/uploads\/2011\/09\/disparos-malandra.jpg\"><img loading=\"lazy\" decoding=\"async\" class=\"alignnone size-medium wp-image-17068\" alt=\"disparos-malandra\" src=\"http:\/\/www.elsindical.com.ar\/notas\/var\/www\/html\/notas\/wp-content\/uploads\/2011\/09\/disparos-malandra-300x210.jpg\" width=\"300\" height=\"210\" srcset=\"https:\/\/www.elsindical.com.ar\/notas\/var\/www\/html\/notas\/wp-content\/uploads\/2011\/09\/disparos-malandra-300x210.jpg 300w, https:\/\/www.elsindical.com.ar\/notas\/var\/www\/html\/notas\/wp-content\/uploads\/2011\/09\/disparos-malandra.jpg 325w\" sizes=\"auto, (max-width: 300px) 100vw, 300px\" \/><\/a>El hecho sucedi\u00f3 el domingo cuando la v\u00edctima de 31 a\u00f1os estaba junto a su novia, en Monte Chingolo, esperando el colectivo, y fueron interceptados por dos delincuentes con intenci\u00f3n de robo. El hombre se habr\u00eda resistido, y como consecuencia recibi\u00f3 un disparo en el abdomen. Luego, se dirigi\u00f3 por sus propios medios al Hospital Vecinal y muri\u00f3 horas m\u00e1s tarde por las heridas.<\/em><\/p>\n<p>Un hombre fue asesinado de un balazo delante de su novia cuando se resisti\u00f3 a un robo cometido por dos delincuentes y por el homicidio detuvieron a un sospechoso, en Monte Chingolo.<\/p>\n<p>Seg\u00fan informaron fuentes policiales, el hecho ocurri\u00f3 el domingo en el cruce de Cavia y Eva Per\u00f3n, en el mencionado distrito del partido de Lan\u00fas.<\/p>\n<p>La v\u00edctima, identificada como Juan Carlos Mu\u00f1oz, de 31 a\u00f1os, estaba junto a su novia, llamada Yesica Elizabet Orellana (22), mientras aguardaba el colectivo para regresar a su casa.<\/p>\n<p>En ese momento, dos delincuentes los interceptaron con fines de robo, por lo que el hombre se resisti\u00f3 y recibi\u00f3 un disparo en el abdomen.<\/p>\n<p>Seg\u00fan las fuentes, Mu\u00f1oz fue trasladado por sus propios medios al Hospital Vecinal Lan\u00fas, donde ingres\u00f3 l\u00facido pero luego se descompens\u00f3 y muri\u00f3 como consecuencia de una hemorragia interna que le caus\u00f3 el proyectil que afect\u00f3 la zona del bazo.<\/p>\n<p>Efectivos de la comisar\u00eda sexta de Monte Chingolo fueron alertados del hecho y recabaron datos por intermedio de la novia del hombre para tratar de identificar a los homicidas.<\/p>\n<p>De acuerdo a los voceros, el personal realiz\u00f3 un allanamiento en una casa ubicada en la calle Pringles al 5400, donde vive la madre de uno de los sospechosos, identificado como Abraham Ezequiel Rodr\u00edguez (21), quien fue aprehendido en ese lugar.<\/p>\n<p>El sindicado autor material, apodado \u00abChuchu\u00bb, fue excarcelado recientemente de la c\u00e1rcel Lisandro Olmos tras una condena por el delito de \u00abrobo calificado\u00bb, agregaron las fuentes.<\/p>\n<p>El sospechoso fue reconocido por Orellana a trav\u00e9s de las fotos publicadas en redes sociales, por lo que qued\u00f3 a disposici\u00f3n del personal de la Unidad Funcional de Instrucci\u00f3n (UFI) 2 Departamento Judicial Lomas de Zamora, por una causa caratulada como \u00abhomicidio\u00bb.<\/p>\n","protected":false},"excerpt":{"rendered":"<p>El hecho sucedi\u00f3 el domingo cuando la v\u00edctima de 31 a\u00f1os estaba junto a su novia, en Monte Chingolo, esperando el colectivo, y fueron interceptados por dos delincuentes con intenci\u00f3n de robo. El hombre se habr\u00eda resistido, y como consecuencia recibi\u00f3 un disparo en el abdomen. Luego, se dirigi\u00f3 por sus propios medios al Hospital&hellip;<\/p>\n","protected":false},"author":1,"featured_media":0,"comment_status":"open","ping_status":"open","sticky":false,"template":"","format":"standard","meta":{"footnotes":""},"categories":[22],"tags":[18510,18511,209,4840,18512],"class_list":["post-42107","post","type-post","status-publish","format-standard","hentry","category-policiales","tag-hospital-vecinal","tag-juan-carlos-munoz","tag-lanus","tag-monte-chingolo","tag-yesica-elizabet-orellana"],"_links":{"self":[{"href":"https:\/\/www.elsindical.com.ar\/notas\/wp-json\/wp\/v2\/posts\/42107","targetHints":{"allow":["GET"]}}],"collection":[{"href":"https:\/\/www.elsindical.com.ar\/notas\/wp-json\/wp\/v2\/posts"}],"about":[{"href":"https:\/\/www.elsindical.com.ar\/notas\/wp-json\/wp\/v2\/types\/post"}],"author":[{"embeddable":true,"href":"https:\/\/www.elsindical.com.ar\/notas\/wp-json\/wp\/v2\/users\/1"}],"replies":[{"embeddable":true,"href":"https:\/\/www.elsindical.com.ar\/notas\/wp-json\/wp\/v2\/comments?post=42107"}],"version-history":[{"count":1,"href":"https:\/\/www.elsindical.com.ar\/notas\/wp-json\/wp\/v2\/posts\/42107\/revisions"}],"predecessor-version":[{"id":42108,"href":"https:\/\/www.elsindical.com.ar\/notas\/wp-json\/wp\/v2\/posts\/42107\/revisions\/42108"}],"wp:attachment":[{"href":"https:\/\/www.elsindical.com.ar\/notas\/wp-json\/wp\/v2\/media?parent=42107"}],"wp:term":[{"taxonomy":"category","embeddable":true,"href":"https:\/\/www.elsindical.com.ar\/notas\/wp-json\/wp\/v2\/categories?post=42107"},{"taxonomy":"post_tag","embeddable":true,"href":"https:\/\/www.elsindical.com.ar\/notas\/wp-json\/wp\/v2\/tags?post=42107"}],"curies":[{"name":"wp","href":"https:\/\/api.w.org\/{rel}","templated":true}]}}