{"id":42095,"date":"2014-04-15T20:54:22","date_gmt":"2014-04-15T23:54:22","guid":{"rendered":"http:\/\/www.elsindical.com.ar\/notas\/?p=42095"},"modified":"2014-04-15T20:54:22","modified_gmt":"2014-04-15T23:54:22","slug":"flores-dispararon-desde-un-auto-y-matan-a-un-motociclista","status":"publish","type":"post","link":"https:\/\/www.elsindical.com.ar\/notas\/flores-dispararon-desde-un-auto-y-matan-a-un-motociclista\/","title":{"rendered":"Flores: dispararon desde un auto y matan a un motociclista"},"content":{"rendered":"<p><em><a href=\"http:\/\/www.elsindical.com.ar\/notas\/var\/www\/html\/notas\/wp-content\/uploads\/2010\/05\/disparo1.jpg\"><img loading=\"lazy\" decoding=\"async\" class=\"alignnone size-full wp-image-6876\" alt=\"disparo1\" src=\"http:\/\/www.elsindical.com.ar\/notas\/var\/www\/html\/notas\/wp-content\/uploads\/2010\/05\/disparo1.jpg\" width=\"236\" height=\"135\" \/><\/a>Ocurri\u00f3 en la intersecci\u00f3n de <b>Nazca y Rivadavia a plena luz del d\u00eda y en una zona colmada de gente. <\/b>El disparo provino desde un Volkswagen Vento. La v\u00edctima, de nacionalidad colombiana, muri\u00f3 en el acto. Los atacantes se fugaron.<\/em><\/p>\n<p>\u00ab<b>Lamentablemente no pudimos hacer nada<\/b>\u00ab, detall\u00f3<b> Alberto Crescenti<\/b>, titular del SAME, respecto del asesinato de un joven de aproximadamente 21 a\u00f1os, quien circulaba como acompa\u00f1ante de una moto en la zona de Nazca y Rivadavia, cuando desde un auto recibi\u00f3 un disparo en su cabeza.<\/p>\n<div>Seg\u00fan las primeras informaciones, desde un autom\u00f3vil<b> Volkswagen Vento<\/b> dispararon directamente sobre \u00e9l, en una zona y en un horario donde se encuentra gran cantidad de gente. Luego de su muerte, tanto el auto como dos motos que all\u00ed se encontraban emprendieron su huida en conjunto.<\/div>\n<div><\/div>\n<div>El Fiscal del caso, L\u00f3pez Perrando dijo en <i>C5N<\/i> que hay dos versiones sobre lo ocurrido. Ambas dar\u00edan cuenta de una persecuci\u00f3n entre los veh\u00edculos. \u00abUna habla de una moto y un auto que bajan de la autopista y, la otra, de un auto y una moto que iban por la calle\u00bb.<\/div>\n<div><\/div>\n<div>Personal de la <b>Comisar\u00eda 40 <\/b>intenta identificar los autom\u00f3viles utilizados e investiga la identidad de la persona que perdi\u00f3 la vida. Ya se solicit\u00f3 la presentaci\u00f3n de las c\u00e1maras de seguridad de la zona para intentar desentramar el hecho.<\/div>\n","protected":false},"excerpt":{"rendered":"<p>Ocurri\u00f3 en la intersecci\u00f3n de Nazca y Rivadavia a plena luz del d\u00eda y en una zona colmada de gente. El disparo provino desde un Volkswagen Vento. La v\u00edctima, de nacionalidad colombiana, muri\u00f3 en el acto. Los atacantes se fugaron. \u00abLamentablemente no pudimos hacer nada\u00ab, detall\u00f3 Alberto Crescenti, titular del SAME, respecto del asesinato de&hellip;<\/p>\n","protected":false},"author":1,"featured_media":0,"comment_status":"open","ping_status":"open","sticky":false,"template":"","format":"standard","meta":{"footnotes":""},"categories":[22],"tags":[5370,363,6809,18506,1514,2499],"class_list":["post-42095","post","type-post","status-publish","format-standard","hentry","category-policiales","tag-alberto-crescenti","tag-asesinato","tag-colombiano","tag-fiscal-lopez-ferrando","tag-flores","tag-same"],"_links":{"self":[{"href":"https:\/\/www.elsindical.com.ar\/notas\/wp-json\/wp\/v2\/posts\/42095","targetHints":{"allow":["GET"]}}],"collection":[{"href":"https:\/\/www.elsindical.com.ar\/notas\/wp-json\/wp\/v2\/posts"}],"about":[{"href":"https:\/\/www.elsindical.com.ar\/notas\/wp-json\/wp\/v2\/types\/post"}],"author":[{"embeddable":true,"href":"https:\/\/www.elsindical.com.ar\/notas\/wp-json\/wp\/v2\/users\/1"}],"replies":[{"embeddable":true,"href":"https:\/\/www.elsindical.com.ar\/notas\/wp-json\/wp\/v2\/comments?post=42095"}],"version-history":[{"count":1,"href":"https:\/\/www.elsindical.com.ar\/notas\/wp-json\/wp\/v2\/posts\/42095\/revisions"}],"predecessor-version":[{"id":42096,"href":"https:\/\/www.elsindical.com.ar\/notas\/wp-json\/wp\/v2\/posts\/42095\/revisions\/42096"}],"wp:attachment":[{"href":"https:\/\/www.elsindical.com.ar\/notas\/wp-json\/wp\/v2\/media?parent=42095"}],"wp:term":[{"taxonomy":"category","embeddable":true,"href":"https:\/\/www.elsindical.com.ar\/notas\/wp-json\/wp\/v2\/categories?post=42095"},{"taxonomy":"post_tag","embeddable":true,"href":"https:\/\/www.elsindical.com.ar\/notas\/wp-json\/wp\/v2\/tags?post=42095"}],"curies":[{"name":"wp","href":"https:\/\/api.w.org\/{rel}","templated":true}]}}