{"id":42055,"date":"2014-04-14T21:21:47","date_gmt":"2014-04-15T00:21:47","guid":{"rendered":"http:\/\/www.elsindical.com.ar\/notas\/?p=42055"},"modified":"2014-04-14T21:21:47","modified_gmt":"2014-04-15T00:21:47","slug":"se-libero-carril-descendente-en-la-autopista-bs-as-la-plata","status":"publish","type":"post","link":"https:\/\/www.elsindical.com.ar\/notas\/se-libero-carril-descendente-en-la-autopista-bs-as-la-plata\/","title":{"rendered":"Se liber\u00f3 carril descendente en la Autopista Bs As &#8211; La Plata"},"content":{"rendered":"<p><span style=\"font-size: large;\"><a href=\"http:\/\/www.elsindical.com.ar\/notas\/var\/www\/html\/notas\/wp-content\/uploads\/2014\/04\/AUBASA-peaje.jpg\"><img loading=\"lazy\" decoding=\"async\" class=\"alignnone size-medium wp-image-42057\" alt=\"AUBASA-peaje\" src=\"http:\/\/www.elsindical.com.ar\/notas\/var\/www\/html\/notas\/wp-content\/uploads\/2014\/04\/AUBASA-peaje-300x191.jpg\" width=\"300\" height=\"191\" srcset=\"https:\/\/www.elsindical.com.ar\/notas\/var\/www\/html\/notas\/wp-content\/uploads\/2014\/04\/AUBASA-peaje-300x191.jpg 300w, https:\/\/www.elsindical.com.ar\/notas\/var\/www\/html\/notas\/wp-content\/uploads\/2014\/04\/AUBASA-peaje.jpg 443w\" sizes=\"auto, (max-width: 300px) 100vw, 300px\" \/><\/a>Se liber\u00f3 el corte sentido (descendente) La Plata &#8211; Buenos Aires en la Autopista. <\/span><\/p>\n<p><span style=\"font-size: large;\">Los vecinos del complejo habitacional ubicado a la vera\u00a0 del km 51 paralizaron el tr\u00e1nsito al cortar ambos sentidos de la traza, desde las 18:00hs hasta pasadas las 20,30, debido a que se encuentran sin suministro el\u00e9ctrico desde hace m\u00e1s de 72 horas. <\/span><\/p>\n<p><span style=\"font-size: large;\">Los trabajadores de AUBASA desviaron la circulaci\u00f3n por el km 31, Ramal Guti\u00e9rrez, y as\u00ed lograron darles una soluci\u00f3n a los usuarios, tras las demoras ocasionadas por las personas ajenas a la Autopista.<\/span><\/p>\n<p><span style=\"font-size: large;\"> En estos momentos se encuentra normalizada la circulaci\u00f3n mano a Capital y personal policial trabaja para normalizar el carril ascendente.\u00a0<\/span><\/p>\n<p>&nbsp;<\/p>\n<p><b>AUBASA<\/b><\/p>\n<p>Departamento de Prensa<\/p>\n<p><b>Antonella Mazzei<\/b><\/p>\n<p>TE. +5411 3221 7841 int. 7841 CE. +5411\u00a0 1523 08 65 50 <a href=\"mailto:prensa@aubasa\" target=\"_blank\">prensa@aubasa<\/a> <a href=\"mailto:amazzeiprensa@gmail.com\">amazzeiprensa@gmail.com<\/a><\/p>\n<p><a href=\"http:\/\/www.aubasa.com\/\" target=\"_blank\">www.aubasa.com<\/a><\/p>\n","protected":false},"excerpt":{"rendered":"<p>Se liber\u00f3 el corte sentido (descendente) La Plata &#8211; Buenos Aires en la Autopista. Los vecinos del complejo habitacional ubicado a la vera\u00a0 del km 51 paralizaron el tr\u00e1nsito al cortar ambos sentidos de la traza, desde las 18:00hs hasta pasadas las 20,30, debido a que se encuentran sin suministro el\u00e9ctrico desde hace m\u00e1s de&hellip;<\/p>\n","protected":false},"author":1,"featured_media":0,"comment_status":"open","ping_status":"open","sticky":false,"template":"","format":"standard","meta":{"footnotes":""},"categories":[25],"tags":[18493,2724,66,239],"class_list":["post-42055","post","type-post","status-publish","format-standard","hentry","category-sociedad","tag-aubasa","tag-autopista","tag-corte","tag-la-plata"],"_links":{"self":[{"href":"https:\/\/www.elsindical.com.ar\/notas\/wp-json\/wp\/v2\/posts\/42055","targetHints":{"allow":["GET"]}}],"collection":[{"href":"https:\/\/www.elsindical.com.ar\/notas\/wp-json\/wp\/v2\/posts"}],"about":[{"href":"https:\/\/www.elsindical.com.ar\/notas\/wp-json\/wp\/v2\/types\/post"}],"author":[{"embeddable":true,"href":"https:\/\/www.elsindical.com.ar\/notas\/wp-json\/wp\/v2\/users\/1"}],"replies":[{"embeddable":true,"href":"https:\/\/www.elsindical.com.ar\/notas\/wp-json\/wp\/v2\/comments?post=42055"}],"version-history":[{"count":2,"href":"https:\/\/www.elsindical.com.ar\/notas\/wp-json\/wp\/v2\/posts\/42055\/revisions"}],"predecessor-version":[{"id":42058,"href":"https:\/\/www.elsindical.com.ar\/notas\/wp-json\/wp\/v2\/posts\/42055\/revisions\/42058"}],"wp:attachment":[{"href":"https:\/\/www.elsindical.com.ar\/notas\/wp-json\/wp\/v2\/media?parent=42055"}],"wp:term":[{"taxonomy":"category","embeddable":true,"href":"https:\/\/www.elsindical.com.ar\/notas\/wp-json\/wp\/v2\/categories?post=42055"},{"taxonomy":"post_tag","embeddable":true,"href":"https:\/\/www.elsindical.com.ar\/notas\/wp-json\/wp\/v2\/tags?post=42055"}],"curies":[{"name":"wp","href":"https:\/\/api.w.org\/{rel}","templated":true}]}}