{"id":4197,"date":"2010-03-04T02:33:52","date_gmt":"2010-03-04T05:33:52","guid":{"rendered":"http:\/\/www.elsindical.com.ar\/notas\/?p=4197"},"modified":"2010-03-04T02:33:52","modified_gmt":"2010-03-04T05:33:52","slug":"mar-de-las-pampas-asalto-una-casa-se-olvido-el-celular-con-su-foto-y-lo-detuvieron","status":"publish","type":"post","link":"https:\/\/www.elsindical.com.ar\/notas\/mar-de-las-pampas-asalto-una-casa-se-olvido-el-celular-con-su-foto-y-lo-detuvieron\/","title":{"rendered":"Mar de las Pampas: Asalt\u00f3 una casa, se olvid\u00f3 el celular con su foto y lo detuvieron"},"content":{"rendered":"<div id=\"cope\" style=\"text-align: justify;\"><a href=\"http:\/\/www.elsindical.com.ar\/notas\/var\/www\/html\/notas\/wp-content\/uploads\/2010\/03\/detenido-por-la-bonaerense.jpg\"><img loading=\"lazy\" decoding=\"async\" class=\"alignleft size-full wp-image-4198\" title=\"detenido-por-la-bonaerense\" src=\"http:\/\/www.elsindical.com.ar\/notas\/var\/www\/html\/notas\/wp-content\/uploads\/2010\/03\/detenido-por-la-bonaerense.jpg\" alt=\"\" width=\"142\" height=\"142\" \/><\/a>La polic\u00eda detuvo a un hombre que hab\u00eda asaltado una pareja de turistas que veraneaban en Mar de las Pampas. La clave para detenerlo fue que olvid\u00f3 su celular con su foto en la vivienda asaltada, lo que sirvi\u00f3 para poder identificarlo. En el momento de la detenci\u00f3n, se le incaut\u00f3 un arma, caretas pl\u00e1sticas varias, precintos pl\u00e1sticos, dos pares de anteojos, dos narices de goma, tres cuchillos y un bagullo de marihuana.<\/div>\n<div style=\"text-align: justify;\">\n<p style=\"text-align: justify;\">Un hombre fue detenido por la polic\u00eda cuando, tras asaltar una casa en Mar de las Pampas, olvid\u00f3 su celular con su foto en la vivienda robada.<\/p>\n<p>Una mujer y un hombre que se hallaban veraneando en una casa del balneario bonaerense de Las Gaviotas, lindero al exclusivo Mar de las Pampas, fueron asaltados por dos delincuentes que los amenazaron con armas y les robaron dinero y objetos de valor.<\/p>\n<p>Fuentes policiales aseguraron que uno de los asaltantes fue apresado luego en su casa de Villa Gesell, y que la clave para detenerlo fue que, en la fuga, se le cay\u00f3 su tel\u00e9fono celular que ten\u00eda archivada una foto con su rostro, por lo que fue identificado en los registros de personas con antecedentes y fue detenido.<\/p>\n<p>El hecho ocurri\u00f3 en una vivienda de la calle 32 y la playa, en Las Gaviotas, donde se encontraba cenando la propietaria de la casa con un hombre.<\/p>\n<p>Seg\u00fan los investigadores, la pareja fue sorprendida por dos ladrones que ingresaron por una puerta trasera de la propiedad y amenazaron de muerte a sus v\u00edctimas.<\/p>\n<p>Los delincuentes revolvieron todos los ambientes y huyeron del lugar con dinero y otros objetos de valor, entre ellos algunos electrodom\u00e9sticos y joyas.<\/p>\n<p>La mujer llam\u00f3 inmediatamente a la polic\u00eda y encontr\u00f3 un tel\u00e9fono celular tirado en el piso del living comedor, que entreg\u00f3 a los investigadores.<\/p>\n<p>Los polic\u00edas determinaron que ese tel\u00e9fono se le hab\u00eda ca\u00eddo a uno de los delincuentes y lo enviaron a analizar. Los peritos establecieron que el aparato ten\u00eda como fondo de pantalla una foto con el rostro de su due\u00f1o, por lo que la compararon con las fotos que se encuentran en los registros de personas con antecedentes penales y lograron identificarlo, dijeron las fuentes.<\/p>\n<p>Con orden judicial, los polic\u00edas se dirigieron de inmediato a allanar una vivienda en Villa Gessel y lograron la detenci\u00f3n del sospechoso cuando arribaba al lugar con un Fiat Tempra de color azul.<\/p>\n<p>Una vez requisado el rodado, los polic\u00edas encontraron un rev\u00f3lver calibre 22, caretas pl\u00e1sticas varias, precintos pl\u00e1sticos, dos pares de anteojos, dos narices de goma, tres cuchillos y un bagullo de marihuana<\/p>\n<\/div>\n","protected":false},"excerpt":{"rendered":"<p>La polic\u00eda detuvo a un hombre que hab\u00eda asaltado una pareja de turistas que veraneaban en Mar de las Pampas. La clave para detenerlo fue que olvid\u00f3 su celular con su foto en la vivienda asaltada, lo que sirvi\u00f3 para poder identificarlo. En el momento de la detenci\u00f3n, se le incaut\u00f3 un arma, caretas pl\u00e1sticas&hellip;<\/p>\n","protected":false},"author":1,"featured_media":0,"comment_status":"open","ping_status":"open","sticky":false,"template":"","format":"standard","meta":{"footnotes":""},"categories":[22],"tags":[580,519,91,2177,2176,30,116],"class_list":["post-4197","post","type-post","status-publish","format-standard","hentry","category-policiales","tag-asalto","tag-celular","tag-detenido","tag-foto","tag-mar-de-las-pampas","tag-policia","tag-robo"],"_links":{"self":[{"href":"https:\/\/www.elsindical.com.ar\/notas\/wp-json\/wp\/v2\/posts\/4197","targetHints":{"allow":["GET"]}}],"collection":[{"href":"https:\/\/www.elsindical.com.ar\/notas\/wp-json\/wp\/v2\/posts"}],"about":[{"href":"https:\/\/www.elsindical.com.ar\/notas\/wp-json\/wp\/v2\/types\/post"}],"author":[{"embeddable":true,"href":"https:\/\/www.elsindical.com.ar\/notas\/wp-json\/wp\/v2\/users\/1"}],"replies":[{"embeddable":true,"href":"https:\/\/www.elsindical.com.ar\/notas\/wp-json\/wp\/v2\/comments?post=4197"}],"version-history":[{"count":1,"href":"https:\/\/www.elsindical.com.ar\/notas\/wp-json\/wp\/v2\/posts\/4197\/revisions"}],"predecessor-version":[{"id":4199,"href":"https:\/\/www.elsindical.com.ar\/notas\/wp-json\/wp\/v2\/posts\/4197\/revisions\/4199"}],"wp:attachment":[{"href":"https:\/\/www.elsindical.com.ar\/notas\/wp-json\/wp\/v2\/media?parent=4197"}],"wp:term":[{"taxonomy":"category","embeddable":true,"href":"https:\/\/www.elsindical.com.ar\/notas\/wp-json\/wp\/v2\/categories?post=4197"},{"taxonomy":"post_tag","embeddable":true,"href":"https:\/\/www.elsindical.com.ar\/notas\/wp-json\/wp\/v2\/tags?post=4197"}],"curies":[{"name":"wp","href":"https:\/\/api.w.org\/{rel}","templated":true}]}}