{"id":41865,"date":"2014-04-06T12:40:50","date_gmt":"2014-04-06T15:40:50","guid":{"rendered":"http:\/\/www.elsindical.com.ar\/notas\/?p=41865"},"modified":"2014-04-06T12:40:50","modified_gmt":"2014-04-06T15:40:50","slug":"berni-reconocio-que-la-inseguridad-existe-que-es-un-problema-y-critico-a-la-justicia","status":"publish","type":"post","link":"https:\/\/www.elsindical.com.ar\/notas\/berni-reconocio-que-la-inseguridad-existe-que-es-un-problema-y-critico-a-la-justicia\/","title":{"rendered":"Berni reconoci\u00f3 que la inseguridad existe, que es un problema y critic\u00f3 a la Justicia"},"content":{"rendered":"<p><em><a href=\"http:\/\/www.elsindical.com.ar\/notas\/var\/www\/html\/notas\/wp-content\/uploads\/2013\/04\/Sergio-Berni-conferencia-tema-drogas.jpg\"><img loading=\"lazy\" decoding=\"async\" class=\"alignnone size-medium wp-image-34073\" alt=\"Sergio-Berni-conferencia-tema-drogas\" src=\"http:\/\/www.elsindical.com.ar\/notas\/var\/www\/html\/notas\/wp-content\/uploads\/2013\/04\/Sergio-Berni-conferencia-tema-drogas-300x170.jpg\" width=\"300\" height=\"170\" srcset=\"https:\/\/www.elsindical.com.ar\/notas\/var\/www\/html\/notas\/wp-content\/uploads\/2013\/04\/Sergio-Berni-conferencia-tema-drogas-300x170.jpg 300w, https:\/\/www.elsindical.com.ar\/notas\/var\/www\/html\/notas\/wp-content\/uploads\/2013\/04\/Sergio-Berni-conferencia-tema-drogas-500x283.jpg 500w, https:\/\/www.elsindical.com.ar\/notas\/var\/www\/html\/notas\/wp-content\/uploads\/2013\/04\/Sergio-Berni-conferencia-tema-drogas.jpg 502w\" sizes=\"auto, (max-width: 300px) 100vw, 300px\" \/><\/a>El secretario de Seguridad de la Naci\u00f3n cuestion\u00f3 el funcionamiento del Poder Judicial y consider\u00f3 que los jueces \u00abtienen m\u00e1s preocupaci\u00f3n por defender los derechos de los delincuentes que los del resto de la sociedad\u00bb. Tambi\u00e9n se quej\u00f3 por la liberaci\u00f3n r\u00e1pida de asaltantes. \u00abNo es la soluci\u00f3n que la sociedad necesita\u00bb, reclam\u00f3.<\/em><\/p>\n<p>El secretario de Seguridad de la Naci\u00f3n, Sergio Berni, cuestion\u00f3 ayer el funcionamiento del Poder Judicial y consider\u00f3 que los jueces \u00abtienen m\u00e1s preocupaci\u00f3n por defender los derechos de los delincuentes que los del resto de la sociedad\u00bb.<\/p>\n<p>\u00abHe ido reiteradas veces a verlo personalmente al presidente de la Corte Suprema (Ricardo Lorenzetti) para solicitarle que los jueces tengan una mirada diferente. Tienen m\u00e1s preocupaci\u00f3n por defender los derechos de los delincuentes que los del resto de la sociedad\u00bb, critic\u00f3.<\/p>\n<p>Berni reiter\u00f3 sus quejas contra el Poder Judicial por liberar r\u00e1pidamente a los asaltantes, por \u00abno dar la soluci\u00f3n que la sociedad necesita\u00bb.\u00a0 En esa l\u00ednea, record\u00f3 que Lorenzetti, en su \u00faltimo discurso, reclam\u00f3 a los magistrados mayor rapidez y agilidad y una actitud \u00abm\u00e1s cerca de la gente\u00bb.<\/p>\n<p>En ese marco, el funcionario subray\u00f3 que los delincuentes \u00abtienen derechos\u00bb, pero cuestion\u00f3 que luego de ser detenidos \u00abal otro d\u00eda ni siquiera van a la c\u00e1rcel, siguen robando\u00bb. Adem\u00e1s, insisti\u00f3 en que \u00abla Justicia los considera delitos menores, pero a la sociedad les preocupan\u00bb. \u00abSon delitos menores, pero que angustian mucho a la sociedad. Es muy fea la sensaci\u00f3n de un padre cuando le roban el celular a su hijo, o cuando a una mujer le rompen el vidrio del auto para robarle la cartera\u00bb, a\u00f1adi\u00f3.<\/p>\n<p>Por \u00faltimo, repeli\u00f3 las cr\u00edticas al Gobierno en materia de seguridad. \u00abNo creo que haya un Estado ausente. Hay organismos del Estado que tiene que rever su accionar\u00bb, asegur\u00f3 Berni.<\/p>\n<p>Por otro lado, el gobernador de la provincia de Buenos Aires, Daniel Scioli, decret\u00f3 la emergencia en seguridad p\u00fablica por doce meses y anunci\u00f3 una inversi\u00f3n de 600 millones de pesos para equipamiento. \u00abSe ha derramado mucha sangre\u00bb, enfatiz\u00f3.<\/p>\n<p>Tras los reiterados hechos de inseguridad y los \u00faltimos linchamientos registrados en la provincia de Buenos Aires durante los \u00faltimos d\u00edas, el gobernador anunci\u00f3 una inversi\u00f3n de 600 millones de pesos para equipamientos. Scioli afirm\u00f3 que resolvi\u00f3 la medida a ra\u00edz de un \u00abataque cruel y salvaje, de una delincuencia con caracter\u00edsticas violentas sin precedentes y que demanda respuestas integrales del Estado\u00bb.<\/p>\n<p>El anuncio sucede en momentos donde se registran aumentos de hechos delictivos en la Provincia, adem\u00e1s de una serie de linchamientos, en todo el pa\u00eds, contra ladrones que son capturados por las v\u00edctimas.<\/p>\n<p>D\u00edas antes Berni se diferenci\u00f3 de varios funcionarios al afirmar que la inseguridad es una realidad y un problema que hay que enfrentar.<\/p>\n","protected":false},"excerpt":{"rendered":"<p>El secretario de Seguridad de la Naci\u00f3n cuestion\u00f3 el funcionamiento del Poder Judicial y consider\u00f3 que los jueces \u00abtienen m\u00e1s preocupaci\u00f3n por defender los derechos de los delincuentes que los del resto de la sociedad\u00bb. Tambi\u00e9n se quej\u00f3 por la liberaci\u00f3n r\u00e1pida de asaltantes. \u00abNo es la soluci\u00f3n que la sociedad necesita\u00bb, reclam\u00f3. El secretario&hellip;<\/p>\n","protected":false},"author":1,"featured_media":0,"comment_status":"open","ping_status":"open","sticky":false,"template":"","format":"standard","meta":{"footnotes":""},"categories":[13],"tags":[581,984,41,2281,4810,11726,18439],"class_list":["post-41865","post","type-post","status-publish","format-standard","hentry","category-politica","tag-delincuentes","tag-inseguridad","tag-justicia","tag-poder-judicial","tag-ricardo-lorenzetti","tag-secretario-de-seguridad","tag-sergo-berni"],"_links":{"self":[{"href":"https:\/\/www.elsindical.com.ar\/notas\/wp-json\/wp\/v2\/posts\/41865","targetHints":{"allow":["GET"]}}],"collection":[{"href":"https:\/\/www.elsindical.com.ar\/notas\/wp-json\/wp\/v2\/posts"}],"about":[{"href":"https:\/\/www.elsindical.com.ar\/notas\/wp-json\/wp\/v2\/types\/post"}],"author":[{"embeddable":true,"href":"https:\/\/www.elsindical.com.ar\/notas\/wp-json\/wp\/v2\/users\/1"}],"replies":[{"embeddable":true,"href":"https:\/\/www.elsindical.com.ar\/notas\/wp-json\/wp\/v2\/comments?post=41865"}],"version-history":[{"count":1,"href":"https:\/\/www.elsindical.com.ar\/notas\/wp-json\/wp\/v2\/posts\/41865\/revisions"}],"predecessor-version":[{"id":41866,"href":"https:\/\/www.elsindical.com.ar\/notas\/wp-json\/wp\/v2\/posts\/41865\/revisions\/41866"}],"wp:attachment":[{"href":"https:\/\/www.elsindical.com.ar\/notas\/wp-json\/wp\/v2\/media?parent=41865"}],"wp:term":[{"taxonomy":"category","embeddable":true,"href":"https:\/\/www.elsindical.com.ar\/notas\/wp-json\/wp\/v2\/categories?post=41865"},{"taxonomy":"post_tag","embeddable":true,"href":"https:\/\/www.elsindical.com.ar\/notas\/wp-json\/wp\/v2\/tags?post=41865"}],"curies":[{"name":"wp","href":"https:\/\/api.w.org\/{rel}","templated":true}]}}