{"id":41862,"date":"2014-04-06T03:48:37","date_gmt":"2014-04-06T06:48:37","guid":{"rendered":"http:\/\/www.elsindical.com.ar\/notas\/?p=41862"},"modified":"2014-04-06T03:49:05","modified_gmt":"2014-04-06T06:49:05","slug":"efemeridesdel-dia-6-de-abril-4","status":"publish","type":"post","link":"https:\/\/www.elsindical.com.ar\/notas\/efemeridesdel-dia-6-de-abril-4\/","title":{"rendered":"EFEM\u00c9RIDES:DEL D\u00cdA 6 DE ABRIL"},"content":{"rendered":"<p><a href=\"http:\/\/www.elsindical.com.ar\/notas\/var\/www\/html\/notas\/wp-content\/uploads\/2010\/11\/Salvador-Allende.jpg\"><img loading=\"lazy\" decoding=\"async\" class=\"alignnone size-full wp-image-10577\" alt=\"Salvador-Allende\" src=\"http:\/\/www.elsindical.com.ar\/notas\/var\/www\/html\/notas\/wp-content\/uploads\/2010\/11\/Salvador-Allende.jpg\" width=\"207\" height=\"248\" \/><\/a>En otro 6 de abril, pero de 1924, despegan de Seattle (EEUU) cuatro aparatos Douglas para emprender la primera vuelta al mundo en avi\u00f3n, que finalizar\u00edan el 28 de septiembre s\u00f3lo dos de ellos.<\/p>\n<p>1528- Fallece Alberto Durero, pintor y grabador alem\u00e1n. italiano.<\/p>\n<p>1713- La Real Academia Espa\u00f1ola celebra su primera junta en casa de su promotor, el marqu\u00e9s de Villena.<\/p>\n<p>1763- Un incendio destruye totalmente el Palais-Royal, de Par\u00eds, donde estaba instalada la Opera.<\/p>\n<p>1814- Proclamaci\u00f3n del rey Luis XVIII de Francia.<\/p>\n<p>1830- Joseph Smith funda en Nueva York la Iglesia de Jesucristo de los Santos del Ultimo D\u00eda, m\u00e1s conocida como Iglesia mormona.<\/p>\n<p>1835- Fallece Jos\u00e9 Agust\u00edn Caballero, dirigente independentista cubano.<\/p>\n<p>1838- Fallece Jos\u00e9 Bonifacio de Andrada, pr\u00f3cer de la independencia brasile\u00f1a.<\/p>\n<p>1909- El explorador estadounidense Robert Edwin Peary llega al Polo Norte.<\/p>\n<p>1914- Firma de un tratado entre Colombia y EEUU por el que se restablecen relaciones diplom\u00e1ticas entre ambos pa\u00edses y el segundo se compromete a pagar una indemnizaci\u00f3n de 25 millones de d\u00f3lares por el despojo de Panam\u00e1.<\/p>\n<p>1916- Primera Guerra Mundial: el Reichstag alem\u00e1n aprueba la guerra submarina ilimitada.<\/p>\n<p>1917- EEUU declara la guerra a Alemania.<\/p>\n<p>&#8211; Abolici\u00f3n de la pena de muerte en Rusia e instauraci\u00f3n de la jornada laboral de 8 horas.<\/p>\n<p>1920- Tropas francesas ocupan Fr\u00e1ncfort en respuesta a la intervenci\u00f3n alemana en el Ruhr.<\/p>\n<p>1926- Nace Ian Paisley, pol\u00edtico norirland\u00e9s.<\/p>\n<p>1928- Nace James Watson, bioqu\u00edmico estadounidense, Nobel de Medicina 1962.<\/p>\n<p>1929- Andr\u00e9 Previn, m\u00fasico nacido en Alemania pero nacionalizado estadounidense.<\/p>\n<p>1931- Estalla una revoluci\u00f3n en Venezuela, capitaneada por el general Ar\u00e9valo Cede\u00f1o, que fracas\u00f3.<\/p>\n<p>&#8211; Tras el golpe de Estado en Funchal, el Gobierno portugu\u00e9s decreta el estado de excepci\u00f3n en Madeira y el de guerra en Azores.<\/p>\n<p>1936- Un hurac\u00e1n causa en el Estado de Misisipi (EEUU) 429 muertos y 1.727 heridos.<\/p>\n<p>1941- Segunda Guerra Mundial: los alemanes atacan Grecia y Yugoslavia y los brit\u00e1nicos conquistan Addis Abeba.<\/p>\n<p>1971- Fallece Igor Stravinsky, compositor estadounidense nacido en Rusia.<\/p>\n<p>1972- El presidente Allende veta la enmienda constitucional que exige la aprobaci\u00f3n del Congreso para realizar expropiaciones en Chile.<\/p>\n<p>&#8211; Ante la ofensiva comunista en Vietnam, aviones estadounidenses reanudan los bombardeos sobre Vietnam del Norte, interrumpidos desde 1968.<\/p>\n<p>1984- Fallido golpe de Estado en Camer\u00fan, dirigido por el expresidente Ahmadu Ahidjo.<\/p>\n<p>1985- Golpe de Estado incruento en Sud\u00e1n. El ministro de Defensa, general Ad Dahab, destituye a Mohamed al Numeiri, presidente del pa\u00eds durante 16 a\u00f1os.<\/p>\n<p>1987- El Papa Juan Pablo II llega a Buenos Aires en visita de seis d\u00edas por las principales ciudades argentinas.<\/p>\n<p>1991- Guerra del Golfo P\u00e9rsico: Irak acepta la resoluci\u00f3n 687 del Consejo de Seguridad de la ONU sobre alto el fuego.<\/p>\n<p>1992- Comienza la guerra civil en Bosnia-Herzegovina.<\/p>\n<p>&#8211; Fallece Isaac Asimov, cient\u00edfico estadounidense de origen sovi\u00e9tico, profesor y escritor.<\/p>\n<p>1994- Mueren en un aparente atentado los presidentes de Burundi, Ciprien Ntaryamira, y de Ruanda, Juvenal Habyarimana, lo que desencaden\u00f3 una guerra civil en el segundo pa\u00eds.<\/p>\n<p>1998- Francia y Gran Breta\u00f1a ratifican el Tratado de Prohibici\u00f3n Total de Pruebas Nucleares.<\/p>\n<p>2000- Fallece Habib Burguiba, expresidente de T\u00fanez y padre de la independencia nacional.<\/p>\n<p>2002- La actriz mexicana Silvia Derbez, muere en Ciudad de M\u00e9xico a los setenta a\u00f1os.<\/p>\n<p>2004- El Parlamento de Lituania destituye al presidente Rolanda Paksas, acusado de violar la Constituci\u00f3n por sus v\u00ednculos con la mafia rusa y la revelaci\u00f3n de secretos oficiales.<\/p>\n<p>2005- Fallece Pr\u00edncipe Rainiero de M\u00f3naco.<\/p>\n<p>2008- Fallece Charlton Heston, actor estadounidense.<\/p>\n","protected":false},"excerpt":{"rendered":"<p>En otro 6 de abril, pero de 1924, despegan de Seattle (EEUU) cuatro aparatos Douglas para emprender la primera vuelta al mundo en avi\u00f3n, que finalizar\u00edan el 28 de septiembre s\u00f3lo dos de ellos. 1528- Fallece Alberto Durero, pintor y grabador alem\u00e1n. italiano. 1713- La Real Academia Espa\u00f1ola celebra su primera junta en casa de&hellip;<\/p>\n","protected":false},"author":1,"featured_media":0,"comment_status":"open","ping_status":"open","sticky":false,"template":"","format":"standard","meta":{"footnotes":""},"categories":[14],"tags":[],"class_list":["post-41862","post","type-post","status-publish","format-standard","hentry","category-efemerides"],"_links":{"self":[{"href":"https:\/\/www.elsindical.com.ar\/notas\/wp-json\/wp\/v2\/posts\/41862","targetHints":{"allow":["GET"]}}],"collection":[{"href":"https:\/\/www.elsindical.com.ar\/notas\/wp-json\/wp\/v2\/posts"}],"about":[{"href":"https:\/\/www.elsindical.com.ar\/notas\/wp-json\/wp\/v2\/types\/post"}],"author":[{"embeddable":true,"href":"https:\/\/www.elsindical.com.ar\/notas\/wp-json\/wp\/v2\/users\/1"}],"replies":[{"embeddable":true,"href":"https:\/\/www.elsindical.com.ar\/notas\/wp-json\/wp\/v2\/comments?post=41862"}],"version-history":[{"count":2,"href":"https:\/\/www.elsindical.com.ar\/notas\/wp-json\/wp\/v2\/posts\/41862\/revisions"}],"predecessor-version":[{"id":41864,"href":"https:\/\/www.elsindical.com.ar\/notas\/wp-json\/wp\/v2\/posts\/41862\/revisions\/41864"}],"wp:attachment":[{"href":"https:\/\/www.elsindical.com.ar\/notas\/wp-json\/wp\/v2\/media?parent=41862"}],"wp:term":[{"taxonomy":"category","embeddable":true,"href":"https:\/\/www.elsindical.com.ar\/notas\/wp-json\/wp\/v2\/categories?post=41862"},{"taxonomy":"post_tag","embeddable":true,"href":"https:\/\/www.elsindical.com.ar\/notas\/wp-json\/wp\/v2\/tags?post=41862"}],"curies":[{"name":"wp","href":"https:\/\/api.w.org\/{rel}","templated":true}]}}