{"id":41859,"date":"2014-04-05T17:37:55","date_gmt":"2014-04-05T20:37:55","guid":{"rendered":"http:\/\/www.elsindical.com.ar\/notas\/?p=41859"},"modified":"2014-04-05T17:37:55","modified_gmt":"2014-04-05T20:37:55","slug":"scioli-decreto-la-emergencia-en-seguridad-publica-por-el-termino-de-un-ano-en-la-provincia","status":"publish","type":"post","link":"https:\/\/www.elsindical.com.ar\/notas\/scioli-decreto-la-emergencia-en-seguridad-publica-por-el-termino-de-un-ano-en-la-provincia\/","title":{"rendered":"Scioli decret\u00f3 la emergencia en seguridad p\u00fablica por el t\u00e9rmino de un a\u00f1o en la Provincia"},"content":{"rendered":"<p><em><a href=\"http:\/\/www.elsindical.com.ar\/notas\/var\/www\/html\/notas\/wp-content\/uploads\/2014\/04\/emergencia-de-seguridad.jpg\"><img loading=\"lazy\" decoding=\"async\" class=\"alignnone size-medium wp-image-41860\" alt=\"emergencia-de-seguridad\" src=\"http:\/\/www.elsindical.com.ar\/notas\/var\/www\/html\/notas\/wp-content\/uploads\/2014\/04\/emergencia-de-seguridad-300x168.jpg\" width=\"300\" height=\"168\" srcset=\"https:\/\/www.elsindical.com.ar\/notas\/var\/www\/html\/notas\/wp-content\/uploads\/2014\/04\/emergencia-de-seguridad-300x168.jpg 300w, https:\/\/www.elsindical.com.ar\/notas\/var\/www\/html\/notas\/wp-content\/uploads\/2014\/04\/emergencia-de-seguridad-500x280.jpg 500w, https:\/\/www.elsindical.com.ar\/notas\/var\/www\/html\/notas\/wp-content\/uploads\/2014\/04\/emergencia-de-seguridad.jpg 502w\" sizes=\"auto, (max-width: 300px) 100vw, 300px\" \/><\/a>El gobernador bonaerense hizo el anuncio junto a su gabinete. El paquete de medidas incluye <b>$600 millones <\/b>en equipamiento y ocho alcaid\u00edas para alojar 1000 detenidos. Adem\u00e1s, enviar\u00e1 un proyecto para crear 10 fiscal\u00edas especializadas en narcotr\u00e1fico. En coordinaci\u00f3n con los municipios, regular\u00e1n el horario y uso de las motos.<\/em><\/p>\n<div>El gobernador bonaerense, Daniel Scioli, resolvi\u00f3 hoy \u00abdecretar la emergencia en materia de seguridad p\u00fablica en toda la Provincia de Buenos Aires por 12 meses\u00bb, ante las caracter\u00edsticas \u00abviolentas sin precedentes\u00bb de los delitos en el distrito y la exigencia de dar una respuesta integral desde el Estado.<\/div>\n<div><\/div>\n<div>La declaraci\u00f3n de excepcionalidad supone una bater\u00eda de medidas, que incluye la inversi\u00f3n de 600 millones de pesos -provenientes de las utilidades del Banco Provincia- en equipamiento para las fuerzas de seguridad, la <b>\u00abconvocatoria inmediata\u00bb del personal retirado <\/b>de la polic\u00eda y del servicio penitenciario, y la <b>creaci\u00f3n de 8 alcaid\u00edas para alojar 1000 detenidos<\/b>.<\/div>\n<div><\/div>\n<div>El mandatario precis\u00f3 que el refuerzo del personal veterano supone la potencial incorporaci\u00f3n de 5000 nuevos efectivos. El reclutamiento \u00abtendr\u00e1 un incentivo econ\u00f3mico\u00bb y ser\u00e1 de car\u00e1cter obligatorio por un a\u00f1o, hasta que egresen y se sume un grupo de 10 mil polic\u00edas que se est\u00e1n preparando en las escuelas de formaci\u00f3n de la Provincia.<\/div>\n<div><\/div>\n<div>Las fuerzas estatales estar\u00e1n acompa\u00f1adas tambi\u00e9n por los \u00ab<b>m\u00e1s de 40 mil agentes de seguridad privada<\/b>\u00ab, que se incorporar\u00e1n a la \u00abred de prevenci\u00f3n con la obligaci\u00f3n de avisar a la polic\u00eda situaciones de riesgo\u00bb. \u00abEstas medidas significan patrullajes m\u00e1s intensos para acorralar el delito\u00bb, dijo Scioli. Adem\u00e1s, se instruir\u00e1 a los municipios a que establezcan el uso de chalecos reflectantes y cascos con n\u00famero de patente para quienes circulen en motocicleta.<\/div>\n<div><\/div>\n<div>\n<div>En lo institucional, la emergencia supondr\u00e1 la sesi\u00f3n permanente del Comit\u00e9 de Seguridad Provincial,\u00a0\u00a0en el que participar\u00e1n las intendencias y donde \u00abestar\u00e1n expresados todos los sectores pol\u00edticos para poder avanzar en propuestas\u00bb.<\/div>\n<div><\/div>\n<div>El gobernador pidi\u00f3 a la Legislatura la <b>\u00abpronta sanci\u00f3n\u00bb <\/b>del proyecto que gir\u00f3 para la <b>creaci\u00f3n de las polic\u00edas comunales<\/b>, y<b> <\/b>el env\u00edo de una propuesta a la Legislatura para la creaci\u00f3n de <b>10 nuevas fiscal\u00edas especializadas en el combate del narcotr\u00e1fico<\/b>. Tambi\u00e9n se\u00f1al\u00f3 que habr\u00e1 una iniciativa para establecer \u00abpenas no excarcelables y de cumplimiento efectivo por tenencia y portaci\u00f3n de armas de fuego sin autorizaci\u00f3n\u00bb.<\/div>\n<div><\/div>\n<div>Entre los nuevos lineamientos, figura el impulso de una aplicaci\u00f3n de <b>alerta temprana para celulares<\/b> -que har\u00e1 de bot\u00f3n antip\u00e1tico ante hechos delictivos-, y la incorporaci\u00f3n de anillos digitales de lectura de patentes en todos los accesos y peajes de la Provincia, con el objetivo de identificar los <b>veh\u00edculos robados<\/b>.<\/div>\n<div><\/div>\n<div>\u00abEsta declaraci\u00f3n de emergencia servir\u00e1 para aplicarles todo el peso de un Estado presente a los asesinos y a los delincuentes. Tenemos que ser din\u00e1micos para perseguir, atrapar y encarcelar a los criminales\u00bb, asegur\u00f3 Scioli. Y agreg\u00f3 que la lucha contra la inseguridad es la m\u00e1s importante que hay que librar. \u00ab<b>Es lo m\u00e1s sagrado: es la pelea por la vida<\/b>\u00ab, sentenci\u00f3.<\/div>\n<\/div>\n<div><\/div>\n<div>El anuncio lo present\u00f3 poco despu\u00e9s de las 12 en conferencia de prensa, junto al titular de la cartera de Seguridad, Alejandro Granados, en la Casa de la Provincia de Buenos Aires, ubicada en Callao 237 de la Capital Federal.<\/div>\n<div><\/div>\n<div>El paquete de medidas fue presentado en momentos en que se registra un aumento en los hechos delictivos en la Provincia, que coincide con una serie de linchamientos en distintos puntos del pa\u00eds contra ladrones que son capturados por las v\u00edctimas.<\/div>\n<div><\/div>\n<div>Durante su exposici\u00f3n, Scioli brind\u00f3 un reconocimiento p\u00fablico a <b>dos de los polic\u00edas <\/b>de la Provincia que actuaron ayer en la localidad de <b>Bernal<\/b>, cuando una banda armada irrumpi\u00f3 en el Banco Comafi con fusiles Fal, ametralladoras Uzi y arsenal sofisticado.<\/div>\n","protected":false},"excerpt":{"rendered":"<p>El gobernador bonaerense hizo el anuncio junto a su gabinete. El paquete de medidas incluye $600 millones en equipamiento y ocho alcaid\u00edas para alojar 1000 detenidos. Adem\u00e1s, enviar\u00e1 un proyecto para crear 10 fiscal\u00edas especializadas en narcotr\u00e1fico. En coordinaci\u00f3n con los municipios, regular\u00e1n el horario y uso de las motos. El gobernador bonaerense, Daniel Scioli,&hellip;<\/p>\n","protected":false},"author":1,"featured_media":0,"comment_status":"open","ping_status":"open","sticky":false,"template":"","format":"standard","meta":{"footnotes":""},"categories":[13],"tags":[5348,4989,3136,984,116],"class_list":["post-41859","post","type-post","status-publish","format-standard","hentry","category-politica","tag-ametralladoras","tag-banco-comafi","tag-fal","tag-inseguridad","tag-robo"],"_links":{"self":[{"href":"https:\/\/www.elsindical.com.ar\/notas\/wp-json\/wp\/v2\/posts\/41859","targetHints":{"allow":["GET"]}}],"collection":[{"href":"https:\/\/www.elsindical.com.ar\/notas\/wp-json\/wp\/v2\/posts"}],"about":[{"href":"https:\/\/www.elsindical.com.ar\/notas\/wp-json\/wp\/v2\/types\/post"}],"author":[{"embeddable":true,"href":"https:\/\/www.elsindical.com.ar\/notas\/wp-json\/wp\/v2\/users\/1"}],"replies":[{"embeddable":true,"href":"https:\/\/www.elsindical.com.ar\/notas\/wp-json\/wp\/v2\/comments?post=41859"}],"version-history":[{"count":1,"href":"https:\/\/www.elsindical.com.ar\/notas\/wp-json\/wp\/v2\/posts\/41859\/revisions"}],"predecessor-version":[{"id":41861,"href":"https:\/\/www.elsindical.com.ar\/notas\/wp-json\/wp\/v2\/posts\/41859\/revisions\/41861"}],"wp:attachment":[{"href":"https:\/\/www.elsindical.com.ar\/notas\/wp-json\/wp\/v2\/media?parent=41859"}],"wp:term":[{"taxonomy":"category","embeddable":true,"href":"https:\/\/www.elsindical.com.ar\/notas\/wp-json\/wp\/v2\/categories?post=41859"},{"taxonomy":"post_tag","embeddable":true,"href":"https:\/\/www.elsindical.com.ar\/notas\/wp-json\/wp\/v2\/tags?post=41859"}],"curies":[{"name":"wp","href":"https:\/\/api.w.org\/{rel}","templated":true}]}}