{"id":41822,"date":"2014-04-04T16:41:35","date_gmt":"2014-04-04T19:41:35","guid":{"rendered":"http:\/\/www.elsindical.com.ar\/notas\/?p=41822"},"modified":"2014-04-04T16:41:35","modified_gmt":"2014-04-04T19:41:35","slug":"entre-riospapelon-policial-iniciaron-sumario-por-una-publicacion-en-facebook","status":"publish","type":"post","link":"https:\/\/www.elsindical.com.ar\/notas\/entre-riospapelon-policial-iniciaron-sumario-por-una-publicacion-en-facebook\/","title":{"rendered":"Entre R\u00edos:Papel\u00f3n policial iniciaron sumario por una publicaci\u00f3n en Facebook"},"content":{"rendered":"<p><a href=\"http:\/\/www.elsindical.com.ar\/notas\/var\/www\/html\/notas\/wp-content\/uploads\/2014\/04\/H\u00e9ctor-Massuh.jpg\"><img loading=\"lazy\" decoding=\"async\" class=\"alignnone size-medium wp-image-41823\" alt=\"H\u00e9ctor-Massuh\" src=\"http:\/\/www.elsindical.com.ar\/notas\/var\/www\/html\/notas\/wp-content\/uploads\/2014\/04\/H\u00e9ctor-Massuh-261x300.jpg\" width=\"261\" height=\"300\" srcset=\"https:\/\/www.elsindical.com.ar\/notas\/var\/www\/html\/notas\/wp-content\/uploads\/2014\/04\/H\u00e9ctor-Massuh-261x300.jpg 261w, https:\/\/www.elsindical.com.ar\/notas\/var\/www\/html\/notas\/wp-content\/uploads\/2014\/04\/H\u00e9ctor-Massuh.jpg 325w\" sizes=\"auto, (max-width: 261px) 100vw, 261px\" \/><\/a>Todo empez\u00f3 por una publicaci\u00f3n en Facebook.<\/p>\n<p>El 12 de agosto, en el muro de la Asociaci\u00f3n del Personal Policial de Entre R\u00edos (Apropoler), una entidad que se presenta p\u00fablicamente como la representaci\u00f3n sindical de los polic\u00edas en la provincia, se public\u00f3 una cr\u00edtica a la decisi\u00f3n de la fuerza, que comanda H\u00e9ctor Massuh, de realizar un relevamiento del personal (datos filiatorios, composici\u00f3n del grupo familiar, vivienda en la que habitan), generando gastos que ser\u00edan afrontados por el propio polic\u00eda de su bolsillo.<\/p>\n<p>El reproche en Facebook por parte de Apropoler apunt\u00f3 al contenido de la circular general N\u00b0 10\/13 de la Polic\u00eda de Entre R\u00edos que lleg\u00f3 a todas las dependencias de la fuerza.<\/p>\n<p>Durante 2013, la entidad que agrupa a los polic\u00edas tuvo un inusitado despegue y notoriedad a partir de los reclamos salariales en la fuerza, malestar que en diciembre \u00faltimo tuvo su m\u00e1s expl\u00edcita expresi\u00f3n a partir de las revueltas policiales que ocurrieron en la provincia, la m\u00e1s grave en Concordia, donde adem\u00e1s se produjeron saqueos.<\/p>\n<p>Al parecer, el director de Personal de la Polic\u00eda, Luis Alberto G\u00f3mez, naveg\u00f3 por Internet, y se meti\u00f3 en el muro de la Apropoler, y descubri\u00f3 lo que hab\u00edan escrito, y r\u00e1pidamente elev\u00f3 una nota al director de Asuntos Internos, Roberto Omar S\u00e1nchez, poni\u00e9ndolo al corriente de la situaci\u00f3n, y reclamando sanciones disciplinarias contra Ricardo Raffo, cabeza visible del sindicato policial.<\/p>\n<p>La petici\u00f3n estuvo contenida en la nota que el 20 de agosto elev\u00f3 G\u00f3mez a S\u00e1nchez, con un \u201cextracto de la publicaci\u00f3n realizada en el muro de Facebook correspondiente a Apropoler Entre R\u00edos, en fecha 12 de agosto, en la cual se habr\u00edan realizado cuestionamientos\u201d hacia la directiva N\u00b0 10\/13 \u201cen la que se plasman directivas impartidas por el comando superior\u201d.<\/p>\n<p>G\u00f3mez remarc\u00f3 que en el muro de Facebook las cr\u00edticas de Apropoler tambi\u00e9n apuntaron a \u201clos cuadros superiores, como asimismo indirectamente hacia nuestras autoridades gubernamentales\u201d.<\/p>\n<p>Aunque parezca ins\u00f3lito, los hechos sucedieron as\u00ed: un jefe policial ley\u00f3 el Facebook y decidi\u00f3, trascart\u00f3n, el 12 de agosto, enviar una carta documento a Raffo a trav\u00e9s de la cual lo intim\u00f3 a que, en un plazo de 24 horas, se \u201cretracte\u201d de lo publicado y lo haga \u201cpor la misma v\u00eda divulgada\u201d.<\/p>\n<p>Ni Raffo, ni Apropoler, se amilanaron, y no tuvieron mejor idea que publicar en Facebook el texto de la carta documento de G\u00f3mez. Y la respuesta: que no hubo af\u00e1n de agraviar ni de injuriar, que s\u00f3lo cuestionaron una medida de la Jefatura de Polic\u00eda que ordenaba un censo del personal policial, poniendo a los miembros de la fuerza en gastos, costeados de su propio bolsillo, y le explicaron al director de Personal de la Polic\u00eda que Facebook es \u201cun espacio de debate y construcci\u00f3n democr\u00e1tica\u201d.<\/p>\n<p>G\u00f3mez no crey\u00f3 oportunas las disculpas, y orden\u00f3 \u201cuna pesquisa administrativa\u201d, y pidi\u00f3 agregar al expediente el legajo personal del comisario Raffo. Pero cuando todo ese dislate lleg\u00f3 a la Asesor\u00eda Letrada de la Polic\u00eda, alguien decidi\u00f3 ponerle un freno.<\/p>\n<p>Luego de la instrucci\u00f3n llevada adelante por el subcomisario Luis Chiesa, los abogados de la Polic\u00eda recomendaron archivar todo por cuanto \u201cno existir\u00edan elementos de suficiente entidad para proseguir en una instancia administrativa superior\u201d.<\/p>\n<p>\u201cConcluida la investigaci\u00f3n del evento sub examine y finiquitados todos los procedimientos inherentes, la pesquisa enarbolada en esta instancia, se obtiene trasitoria una carencia de factores que comprueben concreta a irrebatiblemente un accionar reprobable en la faz administrativa para con el oficial principal Ricardo Alfredo Raffo\u201d, dice el texto de la resoluci\u00f3n N\u00b0 178 de la Direcci\u00f3n de Asuntos Internos del 14 de marzo \u00faltimo.<\/p>\n<p>De modo que el titular del \u00e1rea no tuvo m\u00e1s remedio que disponer que \u201cno existen elementos para la sustanciaci\u00f3n de instancia administrativa superior\u201d, y dio por finalizada la comedia de enredos.<\/p>\n<p>&nbsp;<\/p>\n<p><strong>Fuente: Entre R\u00edos ahora<\/strong><\/p>\n","protected":false},"excerpt":{"rendered":"<p>Todo empez\u00f3 por una publicaci\u00f3n en Facebook. El 12 de agosto, en el muro de la Asociaci\u00f3n del Personal Policial de Entre R\u00edos (Apropoler), una entidad que se presenta p\u00fablicamente como la representaci\u00f3n sindical de los polic\u00edas en la provincia, se public\u00f3 una cr\u00edtica a la decisi\u00f3n de la fuerza, que comanda H\u00e9ctor Massuh, de&hellip;<\/p>\n","protected":false},"author":1,"featured_media":0,"comment_status":"open","ping_status":"open","sticky":false,"template":"","format":"standard","meta":{"footnotes":""},"categories":[22],"tags":[],"class_list":["post-41822","post","type-post","status-publish","format-standard","hentry","category-policiales"],"_links":{"self":[{"href":"https:\/\/www.elsindical.com.ar\/notas\/wp-json\/wp\/v2\/posts\/41822","targetHints":{"allow":["GET"]}}],"collection":[{"href":"https:\/\/www.elsindical.com.ar\/notas\/wp-json\/wp\/v2\/posts"}],"about":[{"href":"https:\/\/www.elsindical.com.ar\/notas\/wp-json\/wp\/v2\/types\/post"}],"author":[{"embeddable":true,"href":"https:\/\/www.elsindical.com.ar\/notas\/wp-json\/wp\/v2\/users\/1"}],"replies":[{"embeddable":true,"href":"https:\/\/www.elsindical.com.ar\/notas\/wp-json\/wp\/v2\/comments?post=41822"}],"version-history":[{"count":1,"href":"https:\/\/www.elsindical.com.ar\/notas\/wp-json\/wp\/v2\/posts\/41822\/revisions"}],"predecessor-version":[{"id":41824,"href":"https:\/\/www.elsindical.com.ar\/notas\/wp-json\/wp\/v2\/posts\/41822\/revisions\/41824"}],"wp:attachment":[{"href":"https:\/\/www.elsindical.com.ar\/notas\/wp-json\/wp\/v2\/media?parent=41822"}],"wp:term":[{"taxonomy":"category","embeddable":true,"href":"https:\/\/www.elsindical.com.ar\/notas\/wp-json\/wp\/v2\/categories?post=41822"},{"taxonomy":"post_tag","embeddable":true,"href":"https:\/\/www.elsindical.com.ar\/notas\/wp-json\/wp\/v2\/tags?post=41822"}],"curies":[{"name":"wp","href":"https:\/\/api.w.org\/{rel}","templated":true}]}}