{"id":41819,"date":"2014-04-04T16:32:13","date_gmt":"2014-04-04T19:32:13","guid":{"rendered":"http:\/\/www.elsindical.com.ar\/notas\/?p=41819"},"modified":"2014-04-04T16:32:13","modified_gmt":"2014-04-04T19:32:13","slug":"florencia-varelapolemica-en-escuela-que-cobra-50-por-retirar-tarde-a-los-chicos","status":"publish","type":"post","link":"https:\/\/www.elsindical.com.ar\/notas\/florencia-varelapolemica-en-escuela-que-cobra-50-por-retirar-tarde-a-los-chicos\/","title":{"rendered":"Florencia Varela:Pol\u00e9mica en escuela que cobra $50 por retirar tarde a los chicos"},"content":{"rendered":"<p><em><a href=\"http:\/\/www.elsindical.com.ar\/notas\/var\/www\/html\/notas\/wp-content\/uploads\/2014\/04\/cartel-escuela-Florencio-Va.jpg\"><img loading=\"lazy\" decoding=\"async\" class=\"alignnone size-medium wp-image-41820\" alt=\"cartel-escuela-Florencio-Va\" src=\"http:\/\/www.elsindical.com.ar\/notas\/var\/www\/html\/notas\/wp-content\/uploads\/2014\/04\/cartel-escuela-Florencio-Va-300x169.jpg\" width=\"300\" height=\"169\" srcset=\"https:\/\/www.elsindical.com.ar\/notas\/var\/www\/html\/notas\/wp-content\/uploads\/2014\/04\/cartel-escuela-Florencio-Va-300x169.jpg 300w, https:\/\/www.elsindical.com.ar\/notas\/var\/www\/html\/notas\/wp-content\/uploads\/2014\/04\/cartel-escuela-Florencio-Va-500x281.jpg 500w, https:\/\/www.elsindical.com.ar\/notas\/var\/www\/html\/notas\/wp-content\/uploads\/2014\/04\/cartel-escuela-Florencio-Va.jpg 502w\" sizes=\"auto, (max-width: 300px) 100vw, 300px\" \/><\/a>La decisi\u00f3n de las autoridades de una primaria de Florencio Varela gener\u00f3 revuelo en los padres. La directora explic\u00f3 que muchos dejan a sus hijos largo rato al cuidado de los docentes, que deben hacerse cargo y esperar a que los vayan a buscar. Desde que se exige el pago, la puntualidad aument\u00f3.<\/em><\/p>\n<p>Por medio de las redes sociales, las familias mostraron su descontento luego de que las autoridades de la primaria del colegio privado doctor\u00a0Sallar\u00e9s de la localidad bonaerense de Florencio Varela obligara a pagar $50 si es que no pasan a retirar a sus hijos a tiempo despu\u00e9s del horario de clase.<\/p>\n<p><em>\u00abSe\u00f1ores padres. Los alumnos deben ser retirados en horario T.M 12.10 hs. y T.T 17.10 hs. Pasados los 15 minutos de tolerancia deber\u00e1n abonar $50. Muchas gracias\u00bb,<\/em> es el mensaje pegado en la puerta del establecimiento.<\/p>\n<p>La medida se viene instrumentando\u00a0desde el a\u00f1o pasado y desde el inicio de este a\u00f1o se colg\u00f3 el cartel en la entrada. Seg\u00fan trascendi\u00f3 se trata de un pago \u00ab<em>compensatorio<\/em>\u00bb para los docentes o personal que despu\u00e9s de hora se queden en cuidado de los ni\u00f1os.<\/p>\n<p><em>\u00abTuvimos un caso, en el que dejaron a dos chicos por m\u00e1s de cuatro horas. Los padres ten\u00edan que pasarlos a buscar a las 17 y llegaron a las 21. Me qued\u00e9 yo con ellos las cuatro horas\u00bb<\/em>, explic\u00f3 en di\u00e1logo con <em>C5N <\/em>la directora de la primaria, <strong>Adriana Mene.<\/strong><\/p>\n<p><em>\u00abEsto fue un caso excepcional, pero pasaba seguido que los chicos queden ac\u00e1 una o dos horas como m\u00ednimo, por eso decidimos poner este arancel. Y los casos, claramente bajaron\u00bb,<\/em> agreg\u00f3.<iframe loading=\"lazy\" src=\"\/\/www.youtube.com\/embed\/RulWhA3_VAI\" height=\"420\" width=\"580\" allowfullscreen=\"\" frameborder=\"0\"><\/iframe><\/p>\n<p><strong>Fuente: Agencias<\/strong><\/p>\n","protected":false},"excerpt":{"rendered":"<p>La decisi\u00f3n de las autoridades de una primaria de Florencio Varela gener\u00f3 revuelo en los padres. La directora explic\u00f3 que muchos dejan a sus hijos largo rato al cuidado de los docentes, que deben hacerse cargo y esperar a que los vayan a buscar. Desde que se exige el pago, la puntualidad aument\u00f3. Por medio&hellip;<\/p>\n","protected":false},"author":1,"featured_media":0,"comment_status":"open","ping_status":"open","sticky":false,"template":"","format":"standard","meta":{"footnotes":""},"categories":[25],"tags":[18424,366,1307,489,8470],"class_list":["post-41819","post","type-post","status-publish","format-standard","hentry","category-sociedad","tag-adriana-mene","tag-alumnos","tag-florencio-varela","tag-padres","tag-polemica"],"_links":{"self":[{"href":"https:\/\/www.elsindical.com.ar\/notas\/wp-json\/wp\/v2\/posts\/41819","targetHints":{"allow":["GET"]}}],"collection":[{"href":"https:\/\/www.elsindical.com.ar\/notas\/wp-json\/wp\/v2\/posts"}],"about":[{"href":"https:\/\/www.elsindical.com.ar\/notas\/wp-json\/wp\/v2\/types\/post"}],"author":[{"embeddable":true,"href":"https:\/\/www.elsindical.com.ar\/notas\/wp-json\/wp\/v2\/users\/1"}],"replies":[{"embeddable":true,"href":"https:\/\/www.elsindical.com.ar\/notas\/wp-json\/wp\/v2\/comments?post=41819"}],"version-history":[{"count":1,"href":"https:\/\/www.elsindical.com.ar\/notas\/wp-json\/wp\/v2\/posts\/41819\/revisions"}],"predecessor-version":[{"id":41821,"href":"https:\/\/www.elsindical.com.ar\/notas\/wp-json\/wp\/v2\/posts\/41819\/revisions\/41821"}],"wp:attachment":[{"href":"https:\/\/www.elsindical.com.ar\/notas\/wp-json\/wp\/v2\/media?parent=41819"}],"wp:term":[{"taxonomy":"category","embeddable":true,"href":"https:\/\/www.elsindical.com.ar\/notas\/wp-json\/wp\/v2\/categories?post=41819"},{"taxonomy":"post_tag","embeddable":true,"href":"https:\/\/www.elsindical.com.ar\/notas\/wp-json\/wp\/v2\/tags?post=41819"}],"curies":[{"name":"wp","href":"https:\/\/api.w.org\/{rel}","templated":true}]}}