{"id":41764,"date":"2014-04-02T17:42:08","date_gmt":"2014-04-02T20:42:08","guid":{"rendered":"http:\/\/www.elsindical.com.ar\/notas\/?p=41764"},"modified":"2014-04-02T17:42:08","modified_gmt":"2014-04-02T20:42:08","slug":"jose-leon-suarezasesinan-a-un-joven-de-16-anos-en-un-ajuste-de-cuentas","status":"publish","type":"post","link":"https:\/\/www.elsindical.com.ar\/notas\/jose-leon-suarezasesinan-a-un-joven-de-16-anos-en-un-ajuste-de-cuentas\/","title":{"rendered":"Jos\u00e9 Le\u00f3n Su\u00e1rez:Asesinan a un joven de 16 a\u00f1os en un ajuste de cuentas"},"content":{"rendered":"<p><em><a href=\"http:\/\/www.elsindical.com.ar\/notas\/var\/www\/html\/notas\/wp-content\/uploads\/2014\/04\/Villa-La-C\u00e1rcova.jpg\"><img loading=\"lazy\" decoding=\"async\" class=\"alignnone size-medium wp-image-41765\" alt=\"Villa-La-C\u00e1rcova\" src=\"http:\/\/www.elsindical.com.ar\/notas\/var\/www\/html\/notas\/wp-content\/uploads\/2014\/04\/Villa-La-C\u00e1rcova-300x224.jpg\" width=\"300\" height=\"224\" srcset=\"https:\/\/www.elsindical.com.ar\/notas\/var\/www\/html\/notas\/wp-content\/uploads\/2014\/04\/Villa-La-C\u00e1rcova-300x224.jpg 300w, https:\/\/www.elsindical.com.ar\/notas\/var\/www\/html\/notas\/wp-content\/uploads\/2014\/04\/Villa-La-C\u00e1rcova-400x300.jpg 400w, https:\/\/www.elsindical.com.ar\/notas\/var\/www\/html\/notas\/wp-content\/uploads\/2014\/04\/Villa-La-C\u00e1rcova.jpg 502w\" sizes=\"auto, (max-width: 300px) 100vw, 300px\" \/><\/a>Un chico de 16 a\u00f1os llamado<\/em> <strong>\u00c1ngel<\/strong> fue asesinado por un sujeto que se dio a la fuga. Polic\u00edas descartaron un asalto.<\/p>\n<p>Un chico de 16 a\u00f1os fue salvajemente asesinado por un sujeto, quien le dispar\u00f3 un balazo en la cabeza, en un cruento suceso que se registr\u00f3 en la localidad bonaerense de Jos\u00e9 Le\u00f3n Su\u00e1rez, en el partido de San Mart\u00edn. El criminal se dio a la fuga y ahora es buscado de manera intensa por los pesquisas policiales. Con respecto a los m\u00f3viles del episodio, la Justicia descart\u00f3 un intento de robo y, al respecto, las autoridades consideran que exist\u00edan viejas diferencias entre el pibe y el forajido.<\/p>\n<p>Los voceros revelaron que la infortunada v\u00edctima, de nombre<strong> \u00c1ngel<\/strong>, dej\u00f3 de existir mientras era atendido por los m\u00e9dicos en el Hospital Eva Per\u00f3n, en San Mart\u00edn, al noroeste del conurbano provincial.<\/p>\n<p>Trascendi\u00f3 que el hecho se produjo en el cruce de Combet y Costanera, en la peligrosa Villa La C\u00e1rcova, donde el chico entabl\u00f3 una acalorada reyerta con un individuo de 20 a\u00f1os.<\/p>\n<p><strong>Escasa distancia <\/strong><\/p>\n<p>Repentinamente, el sujeto extrajo un arma de fuego de entre sus ropas y, a escasa distancia, le efectu\u00f3 a su adversario un balazo en la regi\u00f3n parietal izquierda del cr\u00e1neo. El brutal atacante escap\u00f3 y se escondi\u00f3 con rapidez en las calles del humilde vecindario.<\/p>\n<p>\u00c1ngel fue trasladado, en un comienzo, a la sala de primeros auxilios Doctor Luis Agote, situada en Joaqu\u00edn V. Gonz\u00e1lez y Mitre, en Jos\u00e9 Le\u00f3n Su\u00e1rez, pero, a ra\u00edz de la gravedad de su estado, se lo deriv\u00f3 al mencionado centro asistencial, donde fue sometido por los m\u00e9dicos a una intervenci\u00f3n quir\u00fargica. Sin embargo, posteriormente, el paciente muri\u00f3 en el nosocomio. Polic\u00edas de la comisar\u00eda de Jos\u00e9 Le\u00f3n Su\u00e1rez (4\u00aa de San Mart\u00edn) procuran localizar al responsable del asesinato.<\/p>\n","protected":false},"excerpt":{"rendered":"<p>Un chico de 16 a\u00f1os llamado \u00c1ngel fue asesinado por un sujeto que se dio a la fuga. Polic\u00edas descartaron un asalto. Un chico de 16 a\u00f1os fue salvajemente asesinado por un sujeto, quien le dispar\u00f3 un balazo en la cabeza, en un cruento suceso que se registr\u00f3 en la localidad bonaerense de Jos\u00e9 Le\u00f3n&hellip;<\/p>\n","protected":false},"author":1,"featured_media":0,"comment_status":"open","ping_status":"open","sticky":false,"template":"","format":"standard","meta":{"footnotes":""},"categories":[22],"tags":[2832,18396,4398,30,820],"class_list":["post-41764","post","type-post","status-publish","format-standard","hentry","category-policiales","tag-ajuste-de-cuentas","tag-angel","tag-jose-leon-suarez","tag-policia","tag-san-martin"],"_links":{"self":[{"href":"https:\/\/www.elsindical.com.ar\/notas\/wp-json\/wp\/v2\/posts\/41764","targetHints":{"allow":["GET"]}}],"collection":[{"href":"https:\/\/www.elsindical.com.ar\/notas\/wp-json\/wp\/v2\/posts"}],"about":[{"href":"https:\/\/www.elsindical.com.ar\/notas\/wp-json\/wp\/v2\/types\/post"}],"author":[{"embeddable":true,"href":"https:\/\/www.elsindical.com.ar\/notas\/wp-json\/wp\/v2\/users\/1"}],"replies":[{"embeddable":true,"href":"https:\/\/www.elsindical.com.ar\/notas\/wp-json\/wp\/v2\/comments?post=41764"}],"version-history":[{"count":2,"href":"https:\/\/www.elsindical.com.ar\/notas\/wp-json\/wp\/v2\/posts\/41764\/revisions"}],"predecessor-version":[{"id":41767,"href":"https:\/\/www.elsindical.com.ar\/notas\/wp-json\/wp\/v2\/posts\/41764\/revisions\/41767"}],"wp:attachment":[{"href":"https:\/\/www.elsindical.com.ar\/notas\/wp-json\/wp\/v2\/media?parent=41764"}],"wp:term":[{"taxonomy":"category","embeddable":true,"href":"https:\/\/www.elsindical.com.ar\/notas\/wp-json\/wp\/v2\/categories?post=41764"},{"taxonomy":"post_tag","embeddable":true,"href":"https:\/\/www.elsindical.com.ar\/notas\/wp-json\/wp\/v2\/tags?post=41764"}],"curies":[{"name":"wp","href":"https:\/\/api.w.org\/{rel}","templated":true}]}}