{"id":4173,"date":"2010-03-03T17:44:27","date_gmt":"2010-03-03T20:44:27","guid":{"rendered":"http:\/\/www.elsindical.com.ar\/notas\/?p=4173"},"modified":"2010-03-03T17:44:27","modified_gmt":"2010-03-03T20:44:27","slug":"catamarca-maestra-de-27-anos-esta-de-novia-con-alumno-de-14-y-se-desato-la-polemica","status":"publish","type":"post","link":"https:\/\/www.elsindical.com.ar\/notas\/catamarca-maestra-de-27-anos-esta-de-novia-con-alumno-de-14-y-se-desato-la-polemica\/","title":{"rendered":"Catamarca: Maestra de 27 a\u00f1os est\u00e1 de novia con alumno de 14 y se desat\u00f3 la pol\u00e9mica"},"content":{"rendered":"<p id=\"txt_105349_3\" style=\"text-align: justify;\"><em><a href=\"http:\/\/www.elsindical.com.ar\/notas\/var\/www\/html\/notas\/wp-content\/uploads\/2010\/03\/pareja-de-la-mano.jpg\"><img loading=\"lazy\" decoding=\"async\" class=\"alignleft size-full wp-image-4174\" title=\"pareja-de-la-mano\" src=\"http:\/\/www.elsindical.com.ar\/notas\/var\/www\/html\/notas\/wp-content\/uploads\/2010\/03\/pareja-de-la-mano.jpg\" alt=\"\" width=\"207\" height=\"215\" \/><\/a>La denuncia fue hecha por una supervisora e hici\u00f3 un sumario administrativo. Dicen que la relaci\u00f3n llevar\u00eda algunos meses. Ella es docente de tecnolog\u00eda y \u00e9l cursa el tercer ciclo.<\/em><\/p>\n<p style=\"text-align: justify;\">Autoridades educativas de Catamarca iniciaron un sumario administrativo a una docente de 27 a\u00f1os, de una escuela del departamento de Tinogasta, a la que acusan de tener una relaci\u00f3n amorosa con un alumno de 14.<\/p>\n<p>La supervisora docente de la EGB, Evelia Morales, inform\u00f3 que el director de la escuela de la localidad de El Durazno, Celso Chaile, denunci\u00f3 que la maestra de Tecnolog\u00eda de esa unidad educativa, mantuvo una relaci\u00f3n amorosa con un alumno del tercer ciclo, de 14 a\u00f1os.<\/p>\n<p>La denuncia fue puesta en conocimiento de la comisar\u00eda departamental por Morales, quien comunic\u00f3 el hecho a la Fiscal\u00eda de la Quinta Circunscripci\u00f3n de Tinogasta, cuyas autoridades ordenaron investigar el hecho.<\/p>\n<p>La localidad de El Durazno se encuentra emplazada en los cerros del oriente tinogaste\u00f1o, a 280 kil\u00f3metros al noroeste de la capital provincial, y es de dif\u00edcil acceso, puesto que se puede llegar en veh\u00edculo s\u00f3lo hasta \u00abPe\u00f1as Coloradas\u00bb.<\/p>\n<p>Luego se deben escalar los cerros a lomo de mula durante varias horas para llegar.<\/p>\n<p>Actualmente la escuela albergue cuenta con 11 alumnos, un director que a su vez tiene a cargo el primer y segundo ciclo, una maestra de tercer ciclo y una profesora de Tecnolog\u00eda, con residencia en la ciudad de Tinogasta.<\/p>\n<p>Fuentes ligadas a la investigaci\u00f3n indicaron que \u00abla relaci\u00f3n llevar\u00eda algunos meses\u00bb y ante la formalidad de la denuncia, la Divisi\u00f3n Sumario de la Direcci\u00f3n General B\u00e1sica, realizar\u00e1 un presumario administrativo.<\/p>\n","protected":false},"excerpt":{"rendered":"<p>La denuncia fue hecha por una supervisora e hici\u00f3 un sumario administrativo. Dicen que la relaci\u00f3n llevar\u00eda algunos meses. Ella es docente de tecnolog\u00eda y \u00e9l cursa el tercer ciclo. Autoridades educativas de Catamarca iniciaron un sumario administrativo a una docente de 27 a\u00f1os, de una escuela del departamento de Tinogasta, a la que acusan&hellip;<\/p>\n","protected":false},"author":1,"featured_media":0,"comment_status":"open","ping_status":"open","sticky":false,"template":"","format":"standard","meta":{"footnotes":""},"categories":[6],"tags":[222,1664,175,41,1047,30],"class_list":["post-4173","post","type-post","status-publish","format-standard","hentry","category-denuncias","tag-alumno","tag-catamarca","tag-denuncia","tag-justicia","tag-maestra","tag-policia"],"_links":{"self":[{"href":"https:\/\/www.elsindical.com.ar\/notas\/wp-json\/wp\/v2\/posts\/4173","targetHints":{"allow":["GET"]}}],"collection":[{"href":"https:\/\/www.elsindical.com.ar\/notas\/wp-json\/wp\/v2\/posts"}],"about":[{"href":"https:\/\/www.elsindical.com.ar\/notas\/wp-json\/wp\/v2\/types\/post"}],"author":[{"embeddable":true,"href":"https:\/\/www.elsindical.com.ar\/notas\/wp-json\/wp\/v2\/users\/1"}],"replies":[{"embeddable":true,"href":"https:\/\/www.elsindical.com.ar\/notas\/wp-json\/wp\/v2\/comments?post=4173"}],"version-history":[{"count":1,"href":"https:\/\/www.elsindical.com.ar\/notas\/wp-json\/wp\/v2\/posts\/4173\/revisions"}],"predecessor-version":[{"id":4175,"href":"https:\/\/www.elsindical.com.ar\/notas\/wp-json\/wp\/v2\/posts\/4173\/revisions\/4175"}],"wp:attachment":[{"href":"https:\/\/www.elsindical.com.ar\/notas\/wp-json\/wp\/v2\/media?parent=4173"}],"wp:term":[{"taxonomy":"category","embeddable":true,"href":"https:\/\/www.elsindical.com.ar\/notas\/wp-json\/wp\/v2\/categories?post=4173"},{"taxonomy":"post_tag","embeddable":true,"href":"https:\/\/www.elsindical.com.ar\/notas\/wp-json\/wp\/v2\/tags?post=4173"}],"curies":[{"name":"wp","href":"https:\/\/api.w.org\/{rel}","templated":true}]}}