{"id":41724,"date":"2014-03-31T11:37:47","date_gmt":"2014-03-31T14:37:47","guid":{"rendered":"http:\/\/www.elsindical.com.ar\/notas\/?p=41724"},"modified":"2014-03-31T11:37:47","modified_gmt":"2014-03-31T14:37:47","slug":"nuevo-aumento-de-las-naftas","status":"publish","type":"post","link":"https:\/\/www.elsindical.com.ar\/notas\/nuevo-aumento-de-las-naftas\/","title":{"rendered":"Nuevo aumento de las naftas"},"content":{"rendered":"<div><em><a href=\"http:\/\/www.elsindical.com.ar\/notas\/var\/www\/html\/notas\/wp-content\/uploads\/2010\/02\/surtidores.jpg\"><img loading=\"lazy\" decoding=\"async\" class=\"alignnone size-full wp-image-3492\" alt=\"surtidores\" src=\"http:\/\/www.elsindical.com.ar\/notas\/var\/www\/html\/notas\/wp-content\/uploads\/2010\/02\/surtidores.jpg\" width=\"148\" height=\"148\" \/><\/a>Desde ma\u00f1ana el precio del combustible subir\u00e1 un 5,4%, con lo que <b>el incremento acumulado entre los primeros d\u00edas de enero y abril <\/b><b>llegar\u00e1 al 25%<\/b>. El pr\u00f3ximo mes las petroleras proyectan <b>otro aumento de casi el 4%<\/b>.<\/em><\/div>\n<div>\n<p>Con aval oficial, las petroleras aplicar\u00e1n<b> un aumento y subir\u00e1n esta semana el precio de las naftas<\/b>, que volver\u00e1n a encarecerse en el quinto mes del a\u00f1o, seg\u00fan lo previsto por las compa\u00f1\u00edas.<\/p>\n<p>Con este nuevo incremento &#8211;<b>el cuarto en lo que va de 2014<\/b>-, la <b>s\u00faper <\/b>de <b>YPF<\/b>, que hoy vale <b>$10,07<\/b>, <b>pasar\u00e1 a costar 50 centavos<\/b> <b>m\u00e1s<\/b>. En tanto, la \u00ab<b>premium<\/b>\u00ab, que en la ciudad de Buenos Aires se ubica en $11,33, <b>quedar\u00eda a pocos centavos de los $12<\/b>.<\/p>\n<p>Por su parte, los que eligen cargar en las estaciones de la empresa <b>Shell <\/b>deber\u00e1n pagar desde el martes<b> $11,68<\/b> por cada litro de s\u00faper o <b>$13,26<\/b> si optan por la nafta premium, que en el mes de enero val\u00eda $10,59.<\/p>\n<p>En lo que va de 2014, las empresas <b>aumentaron todos los meses el valor del litro de combustible<\/b>: durante enero subieron un m\u00ednimo de 7%; en febrero retocaron otro 6%; en marzo le sumaron un 6,1%; y ahora llega el incremento del 5,4 de abril, con lo que el <b>aumento acumulado ser\u00e1 del 25%<\/b>.<\/p>\n<p>Uno de los directores de YPF, H\u00e9ctor Valle, admiti\u00f3 a principios de a\u00f1o que a lo largo de 2014 habr\u00e1 nuevos incrementos \u0093con el objetivo de llegar al abastecimiento interno.<\/p>\n<p>Luis Malchiodi, presidente de la Federaci\u00f3n de Entidades de Combustibles de la provincia de Buenos Aires, pronostic\u00f3 que el litro de nafta llegar\u00e1 a 15 pesos en mayo.<\/p>\n<p>\u00abA partir de ma\u00f1ana se habla de un aumento de poco m\u00e1s del 5%. En enero y febrero fue del 23% el aumento. Y habr\u00e1 otro aumento para el mes que viene. Seguramente las naftas van a situarse en unos $15\u00bb, se\u00f1al\u00f3 en declaraciones a radio<i> La Red<\/i>.<\/p>\n<p>Para Malchiodi los futuros aumentos \u00abdepender\u00e1n mucho de la decisi\u00f3n gubernamental. El problema que tenemos los expendedores es que YPF le ha quitado rentabilidad\u00bb, se quej\u00f3.<\/p>\n<p>Por esa raz\u00f3n, no sorprende el adelanto de que para el mes de mayo ya est\u00e1 previsto un nuevo incremento de precios, que en ese caso ser\u00e1 de aproximadamente un 4%.<\/p>\n<p>Un repaso del mercado refleja que ning\u00fan otro producto se encareci\u00f3 tanto con el aval gubernamental en lo que va del a\u00f1o. Y si el repaso se hace desde el mes de noviembre de 2013, la estad\u00edstica indica que la nafta ya habr\u00e1 aumentado casi 40% en los seis \u00faltimos meses.<\/p>\n<p>En el interior, en localidades como <b>Resistencia <\/b>(Chaco) o la capital de <b>Santiago del Estero<\/b>, donde el precio del combustible suele ser m\u00e1s caro, se calcula que en mayo<b> la nafta premium de Shell superar\u00e1 los $14 por litro <\/b>debido a las nuevas subas.<\/p>\n<p>Otro dato impactante: el precio de los combustibles sufri\u00f3 en los \u00faltimos cinco a\u00f1os un salto del 312 por ciento, al menos en las estaciones de servicio de la ciudad de Buenos Aires. Por esta raz\u00f3n, en la actualidad, <b>llenar el tanque de un auto cuesta tres veces m\u00e1s que hace cinco\u00a0\u00a0a\u00f1os<\/b>.<\/p>\n<\/div>\n","protected":false},"excerpt":{"rendered":"<p>Desde ma\u00f1ana el precio del combustible subir\u00e1 un 5,4%, con lo que el incremento acumulado entre los primeros d\u00edas de enero y abril llegar\u00e1 al 25%. El pr\u00f3ximo mes las petroleras proyectan otro aumento de casi el 4%. Con aval oficial, las petroleras aplicar\u00e1n un aumento y subir\u00e1n esta semana el precio de las naftas,&hellip;<\/p>\n","protected":false},"author":1,"featured_media":0,"comment_status":"open","ping_status":"open","sticky":false,"template":"","format":"standard","meta":{"footnotes":""},"categories":[9],"tags":[357,22023,14544,4741,9944,621],"class_list":["post-41724","post","type-post","status-publish","format-standard","hentry","category-economia","tag-aumento","tag-economia","tag-naftas","tag-precio","tag-shell","tag-ypf"],"_links":{"self":[{"href":"https:\/\/www.elsindical.com.ar\/notas\/wp-json\/wp\/v2\/posts\/41724","targetHints":{"allow":["GET"]}}],"collection":[{"href":"https:\/\/www.elsindical.com.ar\/notas\/wp-json\/wp\/v2\/posts"}],"about":[{"href":"https:\/\/www.elsindical.com.ar\/notas\/wp-json\/wp\/v2\/types\/post"}],"author":[{"embeddable":true,"href":"https:\/\/www.elsindical.com.ar\/notas\/wp-json\/wp\/v2\/users\/1"}],"replies":[{"embeddable":true,"href":"https:\/\/www.elsindical.com.ar\/notas\/wp-json\/wp\/v2\/comments?post=41724"}],"version-history":[{"count":1,"href":"https:\/\/www.elsindical.com.ar\/notas\/wp-json\/wp\/v2\/posts\/41724\/revisions"}],"predecessor-version":[{"id":41725,"href":"https:\/\/www.elsindical.com.ar\/notas\/wp-json\/wp\/v2\/posts\/41724\/revisions\/41725"}],"wp:attachment":[{"href":"https:\/\/www.elsindical.com.ar\/notas\/wp-json\/wp\/v2\/media?parent=41724"}],"wp:term":[{"taxonomy":"category","embeddable":true,"href":"https:\/\/www.elsindical.com.ar\/notas\/wp-json\/wp\/v2\/categories?post=41724"},{"taxonomy":"post_tag","embeddable":true,"href":"https:\/\/www.elsindical.com.ar\/notas\/wp-json\/wp\/v2\/tags?post=41724"}],"curies":[{"name":"wp","href":"https:\/\/api.w.org\/{rel}","templated":true}]}}