{"id":41539,"date":"2014-03-20T19:44:04","date_gmt":"2014-03-20T22:44:04","guid":{"rendered":"http:\/\/www.elsindical.com.ar\/notas\/?p=41539"},"modified":"2017-05-26T09:49:05","modified_gmt":"2017-05-26T12:49:05","slug":"festival-de-bandas-jovenes-de-pie","status":"publish","type":"post","link":"https:\/\/www.elsindical.com.ar\/notas\/festival-de-bandas-jovenes-de-pie\/","title":{"rendered":"Festival de bandas J\u00f3venes de Pie"},"content":{"rendered":"<p><a href=\"http:\/\/www.elsindical.com.ar\/notas\/var\/www\/html\/notas\/wp-content\/uploads\/2014\/03\/j\u00f3venes-de-pie.jpg\"><img loading=\"lazy\" decoding=\"async\" class=\"alignnone size-medium wp-image-41540\" alt=\"j\u00f3venes-de-pie\" src=\"http:\/\/www.elsindical.com.ar\/notas\/var\/www\/html\/notas\/wp-content\/uploads\/2014\/03\/j\u00f3venes-de-pie-211x300.jpg\" width=\"211\" height=\"300\" srcset=\"https:\/\/www.elsindical.com.ar\/notas\/var\/www\/html\/notas\/wp-content\/uploads\/2014\/03\/j\u00f3venes-de-pie-211x300.jpg 211w, https:\/\/www.elsindical.com.ar\/notas\/var\/www\/html\/notas\/wp-content\/uploads\/2014\/03\/j\u00f3venes-de-pie.jpg 502w\" sizes=\"auto, (max-width: 211px) 100vw, 211px\" \/><\/a>Los J\u00f3venes de Pie de los distritos de Presidente Per\u00f3n, Ezeiza, Esteban Echeverr\u00eda, Lomas de Zamora, Almirante Brown y San Vicente realizar\u00e1n este s\u00e1bado, en el marco del D\u00cdA NACIONAL POR LA MEMORIA, VERDAD Y JUSTICIA, un festival de bandas bajo la consigna \u201cEl silencio no es mi idioma\u201d con el fin de conmemorar a lxs compa\u00f1erxs ca\u00eddos en aquellos a\u00f1os oscuros de la Argentina y a lxs j\u00f3venes desaparecidos en democracia.<\/p>\n<p>La actividad est\u00e1 convocada a partir de las 14 hasta las 20 hs, en la Plaza de los Artesanos, detr\u00e1s del anfiteatro de la estaci\u00f3n de Guernica.<\/p>\n<p>Adem\u00e1s de las bandas, habr\u00e1 batallas de free style, diferentes expresiones culturales y art\u00edsticas, exposici\u00f3n de las cooperativas que el Movimiento Barrios de Pie lleva adelante con el Programa de Trabajo Autogestionado; tambi\u00e9n exhibir\u00e1n los dise\u00f1os de Mandarinas, la marca de ropa del Movimiento.<b>\u00a0<\/b><\/p>\n<p><b>Contactos<\/b>:<\/p>\n<p>1533483861- Nilda Chamorro, coordinadora zonal de Barrios de Pie y responsable de Libres del Sur Almirante Brown<\/p>\n<p>2224481825- Jonathan Mendez, coordinador zonal de J\u00f3venes de Pie y responsable de San Vicente<\/p>\n<p>1533574414- Yanina Basse, responsable de Barrios de Pie Presidente Per\u00f3n<\/p>\n<p>1562478890- Mat\u00edas Aiello, coordinador de Barrios y J\u00f3venes de Pie de Esteban Echeverr\u00eda<\/p>\n<p>1533008363- Mercedes Escobar, responsable de Barrios de Pie Ezeiza<\/p>\n<p>1526528230- M\u00f3nica D\u00edaz, responsable de Barrios de Pie Lomas de Zamora<\/p>\n","protected":false},"excerpt":{"rendered":"<p>Los J\u00f3venes de Pie de los distritos de Presidente Per\u00f3n, Ezeiza, Esteban Echeverr\u00eda, Lomas de Zamora, Almirante Brown y San Vicente realizar\u00e1n este s\u00e1bado, en el marco del D\u00cdA NACIONAL POR LA MEMORIA, VERDAD Y JUSTICIA, un festival de bandas bajo la consigna \u201cEl silencio no es mi idioma\u201d con el fin de conmemorar a&hellip;<\/p>\n","protected":false},"author":1,"featured_media":0,"comment_status":"open","ping_status":"open","sticky":false,"template":"","format":"standard","meta":{"footnotes":""},"categories":[25],"tags":[],"class_list":["post-41539","post","type-post","status-publish","format-standard","hentry","category-sociedad"],"_links":{"self":[{"href":"https:\/\/www.elsindical.com.ar\/notas\/wp-json\/wp\/v2\/posts\/41539","targetHints":{"allow":["GET"]}}],"collection":[{"href":"https:\/\/www.elsindical.com.ar\/notas\/wp-json\/wp\/v2\/posts"}],"about":[{"href":"https:\/\/www.elsindical.com.ar\/notas\/wp-json\/wp\/v2\/types\/post"}],"author":[{"embeddable":true,"href":"https:\/\/www.elsindical.com.ar\/notas\/wp-json\/wp\/v2\/users\/1"}],"replies":[{"embeddable":true,"href":"https:\/\/www.elsindical.com.ar\/notas\/wp-json\/wp\/v2\/comments?post=41539"}],"version-history":[{"count":1,"href":"https:\/\/www.elsindical.com.ar\/notas\/wp-json\/wp\/v2\/posts\/41539\/revisions"}],"predecessor-version":[{"id":41541,"href":"https:\/\/www.elsindical.com.ar\/notas\/wp-json\/wp\/v2\/posts\/41539\/revisions\/41541"}],"wp:attachment":[{"href":"https:\/\/www.elsindical.com.ar\/notas\/wp-json\/wp\/v2\/media?parent=41539"}],"wp:term":[{"taxonomy":"category","embeddable":true,"href":"https:\/\/www.elsindical.com.ar\/notas\/wp-json\/wp\/v2\/categories?post=41539"},{"taxonomy":"post_tag","embeddable":true,"href":"https:\/\/www.elsindical.com.ar\/notas\/wp-json\/wp\/v2\/tags?post=41539"}],"curies":[{"name":"wp","href":"https:\/\/api.w.org\/{rel}","templated":true}]}}