{"id":41473,"date":"2014-03-18T16:34:41","date_gmt":"2014-03-18T19:34:41","guid":{"rendered":"http:\/\/www.elsindical.com.ar\/notas\/?p=41473"},"modified":"2014-03-18T16:34:41","modified_gmt":"2014-03-18T19:34:41","slug":"la-provincia-de-buenos-aires-dara-un-aumento-de-309-a-los-docentes-por-decreto","status":"publish","type":"post","link":"https:\/\/www.elsindical.com.ar\/notas\/la-provincia-de-buenos-aires-dara-un-aumento-de-309-a-los-docentes-por-decreto\/","title":{"rendered":"La Provincia de Buenos Aires dar\u00e1 un aumento de 30,9% a los docentes por Decreto"},"content":{"rendered":"<p><em><a href=\"http:\/\/www.elsindical.com.ar\/notas\/var\/www\/html\/notas\/wp-content\/uploads\/2010\/04\/docentes-escuela.jpg\"><img loading=\"lazy\" decoding=\"async\" class=\"alignnone size-full wp-image-5932\" alt=\"docentes-escuela\" src=\"http:\/\/www.elsindical.com.ar\/notas\/var\/www\/html\/notas\/wp-content\/uploads\/2010\/04\/docentes-escuela.jpg\" width=\"198\" height=\"135\" \/><\/a>\u201cVamos a tomar las decisiones administrativas para liquidar el sueldo docente (de marzo) con el aumento\u201d de 30,9% ofrecido por el Gobierno, anunci\u00f3 el jefe de Gabinete bonaerense, Alberto P\u00e9rez. La medida fue rechazada por los docentes, que cumplen su d\u00e9cimo d\u00eda de paro.<\/em><\/p>\n<p>El jefe de gabinete bonaerense Alberto P\u00e9rez, anunci\u00f3 que \u201cvamos a tomar las decisiones administrativas para liquidar el sueldo docente (de marzo) con el aumento\u201d de 30,9% ofrecido por el Gobierno y rechazado por los gremios que cumplen hoy su d\u00e9cimo d\u00eda de paro, pero advirti\u00f3 que con el mes de abril \u201cvamos a aplicar los descuentos\u201d.<\/p>\n<p>\u201cNosotros vamos camino a empezar a liquidar el jueves los salarios con estos aumentos del 30,9%, porque no puede ser que encima de todo los docentes terminen sin cobrar el aumento que les estamos ofreciendo\u201d, dijo P\u00e9rez en di\u00e1logo con radio Mitre.<\/p>\n<p>\u201cVamos a tomar las decisiones administrativas para que se pueda liquidar el sueldo con aumento; y el mes que viene, cuando recibamos las planillas de cada uno de los directores con las inasistencias de estos primeros d\u00edas, vamos a aplicar descuentos y el que no trabaj\u00f3 no va cobrar esos d\u00edas\u201d, agreg\u00f3.<\/p>\n<p>P\u00e9rez precis\u00f3 que \u201cel gobernador (Daniel Scioli) quiere que los docentes cobren este mes de marzo con el sueldo propuesto y que los que no trabajaron que se les descuenten los d\u00edas\u201d, porque \u201cambas cosas son justas\u201d.<\/p>\n<p>P\u00e9rez record\u00f3 que la \u00faltima oferta de aumento salarial implica llevar el cargo inicial -del docente que reci\u00e9n se recibe, con cuatro horas de trabajo-, a 4.717 pesos, pero aclar\u00f3 que \u201ccomo el 70% de los trabajadores tienen dos cargos en la provincia, los que menos van a cobrar es 9.500 pesos\u201d, mientras que la media salarial \u201cva a estar entre los 10 y 14 mil pesos\u201d.<\/p>\n<p>Por otro lado, P\u00e9rez afirm\u00f3 que el incumplimiento de la conciliaci\u00f3n obligatoria dictada por el ministerio de Trabajo bonaerense por parte de dos gremios -FEB y Suteba-, ya amerit\u00f3 que se aperciba a estas entidades y \u201cel pr\u00f3ximo camino administrativo es elevar este incumplimiento\u201d a la cartera laboral, \u201cque puede quitarles la personer\u00eda gremial, inclusive podr\u00eda presentar un amparo para que haya clases\u201d.<\/p>\n<p>\u201cEstamos tratando\u00a0 de agotar todos los caminos administrativos pero yo estoy convencido que esta semana despu\u00e9s de esta marcha que quieren tener, los docentes van a superar a estos dirigentes de su postura inflexible y van a volver a las clases\u201d, afirm\u00f3.<\/p>\n","protected":false},"excerpt":{"rendered":"<p>\u201cVamos a tomar las decisiones administrativas para liquidar el sueldo docente (de marzo) con el aumento\u201d de 30,9% ofrecido por el Gobierno, anunci\u00f3 el jefe de Gabinete bonaerense, Alberto P\u00e9rez. La medida fue rechazada por los docentes, que cumplen su d\u00e9cimo d\u00eda de paro. El jefe de gabinete bonaerense Alberto P\u00e9rez, anunci\u00f3 que \u201cvamos a&hellip;<\/p>\n","protected":false},"author":1,"featured_media":0,"comment_status":"open","ping_status":"open","sticky":false,"template":"","format":"standard","meta":{"footnotes":""},"categories":[25],"tags":[3341,983,5204],"class_list":["post-41473","post","type-post","status-publish","format-standard","hentry","category-sociedad","tag-alberto-perez","tag-daniel-scioli","tag-suteba"],"_links":{"self":[{"href":"https:\/\/www.elsindical.com.ar\/notas\/wp-json\/wp\/v2\/posts\/41473","targetHints":{"allow":["GET"]}}],"collection":[{"href":"https:\/\/www.elsindical.com.ar\/notas\/wp-json\/wp\/v2\/posts"}],"about":[{"href":"https:\/\/www.elsindical.com.ar\/notas\/wp-json\/wp\/v2\/types\/post"}],"author":[{"embeddable":true,"href":"https:\/\/www.elsindical.com.ar\/notas\/wp-json\/wp\/v2\/users\/1"}],"replies":[{"embeddable":true,"href":"https:\/\/www.elsindical.com.ar\/notas\/wp-json\/wp\/v2\/comments?post=41473"}],"version-history":[{"count":1,"href":"https:\/\/www.elsindical.com.ar\/notas\/wp-json\/wp\/v2\/posts\/41473\/revisions"}],"predecessor-version":[{"id":41474,"href":"https:\/\/www.elsindical.com.ar\/notas\/wp-json\/wp\/v2\/posts\/41473\/revisions\/41474"}],"wp:attachment":[{"href":"https:\/\/www.elsindical.com.ar\/notas\/wp-json\/wp\/v2\/media?parent=41473"}],"wp:term":[{"taxonomy":"category","embeddable":true,"href":"https:\/\/www.elsindical.com.ar\/notas\/wp-json\/wp\/v2\/categories?post=41473"},{"taxonomy":"post_tag","embeddable":true,"href":"https:\/\/www.elsindical.com.ar\/notas\/wp-json\/wp\/v2\/tags?post=41473"}],"curies":[{"name":"wp","href":"https:\/\/api.w.org\/{rel}","templated":true}]}}