{"id":41201,"date":"2014-03-03T20:25:41","date_gmt":"2014-03-03T23:25:41","guid":{"rendered":"http:\/\/www.elsindical.com.ar\/notas\/?p=41201"},"modified":"2014-03-03T20:25:41","modified_gmt":"2014-03-03T23:25:41","slug":"un-preso-murio-en-junin-y-varias-reclusas-resultaron-heridas-en-un-penal-de-la-plata","status":"publish","type":"post","link":"https:\/\/www.elsindical.com.ar\/notas\/un-preso-murio-en-junin-y-varias-reclusas-resultaron-heridas-en-un-penal-de-la-plata\/","title":{"rendered":"Un preso muri\u00f3 en Jun\u00edn y varias reclusas resultaron heridas en un penal de La Plata"},"content":{"rendered":"<p><em><a href=\"http:\/\/www.elsindical.com.ar\/notas\/var\/www\/html\/notas\/wp-content\/uploads\/2012\/06\/Unidad-13-Jun\u00edn.jpg\"><img loading=\"lazy\" decoding=\"async\" class=\"alignnone size-medium wp-image-24914\" alt=\"Unidad-13-Jun\u00edn\" src=\"http:\/\/www.elsindical.com.ar\/notas\/var\/www\/html\/notas\/wp-content\/uploads\/2012\/06\/Unidad-13-Jun\u00edn-300x199.jpg\" width=\"300\" height=\"199\" srcset=\"https:\/\/www.elsindical.com.ar\/notas\/var\/www\/html\/notas\/wp-content\/uploads\/2012\/06\/Unidad-13-Jun\u00edn-300x199.jpg 300w, https:\/\/www.elsindical.com.ar\/notas\/var\/www\/html\/notas\/wp-content\/uploads\/2012\/06\/Unidad-13-Jun\u00edn.jpg 413w\" sizes=\"auto, (max-width: 300px) 100vw, 300px\" \/><\/a>El primer caso se registr\u00f3 en la Unidad Penal 13, de donde hace una semana se fugaron seis presos. En tanto, en la c\u00e1rcel de mujeres de la capital bonaerense se produjo una ri\u00f1a entre internas.<\/em><\/p>\n<div>Un preso de la <b>Unidad Penal 13<\/b> de la ciudad bonaerense de <b>Jun\u00edn<\/b>, donde hace cinco d\u00edas se fugaron seis internos, muri\u00f3 luego de sufrir graves heridas durante una pelea en un pabell\u00f3n de m\u00e1xima seguridad, informaron hoy fuentes policiales. En el penal de mujeres de <b>La Plata<\/b>, siete reclusas tambi\u00e9n resultaron heridas por enfrentamientos.<\/div>\n<div><\/div>\n<div>La tr\u00e1gica pelea en el penal de Jun\u00edn se origin\u00f3 en la tarde de ayer, luego de finalizado el horario de visitas, en uno de los patios del penal ubicado en la ruta nacional 188, a unos 20 cuadras del casco c\u00e9ntrico de Jun\u00edn, informaron fuentes policiales.<\/div>\n<div><\/div>\n<div>El interno, identificado como Ricardo Daniel Brizuela Caballero, de 34 a\u00f1os, falleci\u00f3 por las heridas causadas con una faca en el pabell\u00f3n 1, de m\u00e1xima seguridad.<\/div>\n<div><\/div>\n<div>Investiga el hecho el Fiscal Carlos Colimedaglia, titular de la UFI 1 de esa localida, que instruy\u00f3 actuaciones por <b>\u00abhomicidio simple\u00bb.<\/b><\/div>\n<div><\/div>\n<div>El otro escenario de la refriega fue la <b>Unidad Penal 33 de Los Hornos<\/b>, en La Plata, donde siete mujeres resultaron heridas durante una pelea originada aparentemente por cuestiones de convivencia.<\/div>\n<div><\/div>\n<p>El hecho ocurri\u00f3 el pasado s\u00e1bado cuando se enfrentaron a golpes dos grupos de reclusas en el patio del penal ubicado en la esquina de las calles 70 y 149, tras cruzar el cerco que las separaba.<\/p>\n<div>Tom\u00f3 intervenci\u00f3n la Fiscal Ana Mar\u00eda Medina, que definir\u00e1 en las pr\u00f3ximas horas si traslada a otros penales a las protagonistas de la pelea, ninguna de las cuales sufri\u00f3 heridas de gravedad.<\/div>\n<div><\/div>\n<div>\n<div>En la madrugada del 26 de febrero pasado seis presos se escaparon del mismo penal donde en las \u00faltimas horas muri\u00f3 un recluso.<\/div>\n<div><\/div>\n<div>Seg\u00fan los investigadores, lo hicieron luego de cortar parte de los alambrados perimetrales, hasta donde llegaron luego de cruzar el patio amparados en la espesa neblina que cubr\u00eda la regi\u00f3n.<\/div>\n<div><\/div>\n<div>Los evadidos, seg\u00fan fuentes penitenciarias, gozaban de un r\u00e9gimen de <b>atenuaci\u00f3n de las condiciones de detenci\u00f3n. <\/b><\/div>\n<div><\/div>\n<div>Cinco de ellos fueron recapturados al d\u00eda siguiente al ser allanada una quinta en la ciudad de Salto, distante unos 100 kil\u00f3metros de Jun\u00edn.<\/div>\n<\/div>\n","protected":false},"excerpt":{"rendered":"<p>El primer caso se registr\u00f3 en la Unidad Penal 13, de donde hace una semana se fugaron seis presos. En tanto, en la c\u00e1rcel de mujeres de la capital bonaerense se produjo una ri\u00f1a entre internas. Un preso de la Unidad Penal 13 de la ciudad bonaerense de Jun\u00edn, donde hace cinco d\u00edas se fugaron&hellip;<\/p>\n","protected":false},"author":1,"featured_media":0,"comment_status":"open","ping_status":"open","sticky":false,"template":"","format":"standard","meta":{"footnotes":""},"categories":[19],"tags":[380,18233,7748,239,1838,9992,18232],"class_list":["post-41201","post","type-post","status-publish","format-standard","hentry","category-intramuros","tag-carcel","tag-fiscal-carlos-colimedaglia","tag-junin","tag-la-plata","tag-muerto","tag-ufi-1","tag-unidad-penal-13"],"_links":{"self":[{"href":"https:\/\/www.elsindical.com.ar\/notas\/wp-json\/wp\/v2\/posts\/41201","targetHints":{"allow":["GET"]}}],"collection":[{"href":"https:\/\/www.elsindical.com.ar\/notas\/wp-json\/wp\/v2\/posts"}],"about":[{"href":"https:\/\/www.elsindical.com.ar\/notas\/wp-json\/wp\/v2\/types\/post"}],"author":[{"embeddable":true,"href":"https:\/\/www.elsindical.com.ar\/notas\/wp-json\/wp\/v2\/users\/1"}],"replies":[{"embeddable":true,"href":"https:\/\/www.elsindical.com.ar\/notas\/wp-json\/wp\/v2\/comments?post=41201"}],"version-history":[{"count":1,"href":"https:\/\/www.elsindical.com.ar\/notas\/wp-json\/wp\/v2\/posts\/41201\/revisions"}],"predecessor-version":[{"id":41202,"href":"https:\/\/www.elsindical.com.ar\/notas\/wp-json\/wp\/v2\/posts\/41201\/revisions\/41202"}],"wp:attachment":[{"href":"https:\/\/www.elsindical.com.ar\/notas\/wp-json\/wp\/v2\/media?parent=41201"}],"wp:term":[{"taxonomy":"category","embeddable":true,"href":"https:\/\/www.elsindical.com.ar\/notas\/wp-json\/wp\/v2\/categories?post=41201"},{"taxonomy":"post_tag","embeddable":true,"href":"https:\/\/www.elsindical.com.ar\/notas\/wp-json\/wp\/v2\/tags?post=41201"}],"curies":[{"name":"wp","href":"https:\/\/api.w.org\/{rel}","templated":true}]}}