{"id":41195,"date":"2014-03-03T13:50:53","date_gmt":"2014-03-03T16:50:53","guid":{"rendered":"http:\/\/www.elsindical.com.ar\/notas\/?p=41195"},"modified":"2014-03-03T13:50:53","modified_gmt":"2014-03-03T16:50:53","slug":"una-oficial-de-la-bonaerense-busca-a-su-hijo-de-11-anos","status":"publish","type":"post","link":"https:\/\/www.elsindical.com.ar\/notas\/una-oficial-de-la-bonaerense-busca-a-su-hijo-de-11-anos\/","title":{"rendered":"Una oficial de la Bonaerense busca a su hijo de 11 a\u00f1os"},"content":{"rendered":"<p><em><a href=\"http:\/\/www.elsindical.com.ar\/notas\/var\/www\/html\/notas\/wp-content\/uploads\/2014\/03\/Bryan-Joel-Norry.jpg\"><img loading=\"lazy\" decoding=\"async\" class=\"alignnone size-medium wp-image-41196\" alt=\"Bryan-Joel-Norry\" src=\"http:\/\/www.elsindical.com.ar\/notas\/var\/www\/html\/notas\/wp-content\/uploads\/2014\/03\/Bryan-Joel-Norry-300x170.jpg\" width=\"300\" height=\"170\" srcset=\"https:\/\/www.elsindical.com.ar\/notas\/var\/www\/html\/notas\/wp-content\/uploads\/2014\/03\/Bryan-Joel-Norry-300x170.jpg 300w, https:\/\/www.elsindical.com.ar\/notas\/var\/www\/html\/notas\/wp-content\/uploads\/2014\/03\/Bryan-Joel-Norry-500x283.jpg 500w, https:\/\/www.elsindical.com.ar\/notas\/var\/www\/html\/notas\/wp-content\/uploads\/2014\/03\/Bryan-Joel-Norry.jpg 502w\" sizes=\"auto, (max-width: 300px) 100vw, 300px\" \/><\/a>El chico se escap\u00f3 de un hogar para menores de la Capital Federal. La mujer cont\u00f3 que su ex marido y padre del nene le hab\u00eda pegado al menor y por eso la Justicia lo deriv\u00f3 al hogar.<\/em><\/p>\n<p>Una oficial de la Polic\u00eda Bonaerense busca a su hijo de 11 a\u00f1os, quien se escap\u00f3 de un hogar para menores de la Capital Federal, donde viv\u00eda hasta que su madre pudiera resolver unos tr\u00e1mites para poder retirarlo.<\/p>\n<p><b>Roxana Karina Rodr\u00edguez,<\/b> de 37 a\u00f1os, busca a su peque\u00f1o hijo Bryan Joel Norry, quien el viernes pasado se escap\u00f3 del hogar CETAD, ubicado en la calle Mario Bravo 966 del barrio porte\u00f1o de Almagro con un compa\u00f1ero de 12 a\u00f1os.<\/p>\n<p>Esta oficial de la Bonaerense, que vive en la calle San Mart\u00edn al 5400 de la localidad bonaerense de Ciudad Madero, en el partido de La Matanza relat\u00f3 en declaraciones al portal Precinto 56 su \u00abcalvario\u00bb.<\/p>\n<p>Hace unos meses, cuando manten\u00eda una relaci\u00f3n conflictiva con quien ahora es su ex pareja y padre del peque\u00f1o<b>, denunci\u00f3 que este hombre golpe\u00f3 al nene y le dej\u00f3 un moret\u00f3n en el ojo.<\/b><\/p>\n<p><b>Bryan asisti\u00f3 al colegio golpeado y al verlo la maestra dio intervenci\u00f3n a las autoridades de la escuela y estas de inmediato a la Polic\u00eda.<\/b><\/p>\n<p>Al mismo tiempo, Rodr\u00edguez revel\u00f3 que su exmarido la amenaz\u00f3 al decirle que si contaba lo que hab\u00eda ocurrido mataba a los otros dos hijos de ambos (son m\u00e1s chicos que el ni\u00f1o desaparecido), por lo que ella fue denunciada por maltrato, aunque como nunca fueron comprobados qued\u00f3 sin ning\u00fan cargo.<\/p>\n<p>Sin embargo, cont\u00f3 que mientras tanto, <b>su hijo ten\u00eda que vivir en un hogar para menores hasta que se resolviera su situaci\u00f3n procesal.<\/b><\/p>\n<p>Una vez que se comprob\u00f3 su inocencia, problemas burocr\u00e1ticos le impidieron llevarse a su casa al chico, quien al estar cansado de vivir lejos de su mam\u00e1 se escap\u00f3.<\/p>\n<p><b>\u00abPor la burocracia absurda de un papel no me entregan a mi hijo. Cuando se escapo se fue con otro nene del mismo hogar de 12 a\u00f1os. Ahora pregunto d\u00f3nde estaban quienes cuidaban a mi hijo, c\u00f3mo me avisaron a m\u00ed casi 24 horas despu\u00e9s que me hijo se hab\u00eda fugado?\u00bb<\/b>, relat\u00f3 la oficial entre l\u00e1grimas.<\/p>\n<p>\u00ab\u00bfPor qu\u00e9 el hogar hizo la denuncia 25 horas despu\u00e9s que mi hijo se hab\u00eda escapado?. \u00bfY por qu\u00e9 el encargado de cuidarlo cuando mi hijo se escapa dice que lo corri\u00f3 y no lo alcanzo? Muchas cosas il\u00f3gicas hubo. Por favor quiero a mi hijo, tan s\u00f3lo tiene 11 a\u00f1os. Necesito a mi hijo por favor\u00bb, indic\u00f3 la mujer.<\/p>\n<p><span style=\"text-decoration: underline;\"><b>La polic\u00eda \u00abh\u00e9roe\u00bb<\/b><\/span><\/p>\n<p>Hace unos meses, Rodr\u00edguez\u00a0 y un compa\u00f1ero oficiaron de parteros en un patrullero, pero el beb\u00e9 no respiraba, por lo que lo tuvieron que trasladar de urgencia en el patrullero a un hospital cercano.<\/p>\n<p>Mientras tanto, <b>Roxana comenz\u00f3 con masajes en el pecho y a darle respiraci\u00f3n boca a boca, logrando que el peque\u00f1o respirara normalmente, en un acto heroico, aunque ahora la que necesitaba ayuda de la poblaci\u00f3n es ella para poder hallar a su hijo.<br \/>\n<\/b><br \/>\nLa oficial radic\u00f3 la denuncia por la desaparici\u00f3n de su hijo en la comisar\u00eda 9 de la Polic\u00eda Federal y en la Fiscal\u00eda Nacional de Instrucci\u00f3n n\u00famero 10, a cargo de Mart\u00edn L\u00f3pez Perrando.<\/p>\n","protected":false},"excerpt":{"rendered":"<p>El chico se escap\u00f3 de un hogar para menores de la Capital Federal. La mujer cont\u00f3 que su ex marido y padre del nene le hab\u00eda pegado al menor y por eso la Justicia lo deriv\u00f3 al hogar. Una oficial de la Polic\u00eda Bonaerense busca a su hijo de 11 a\u00f1os, quien se escap\u00f3 de&hellip;<\/p>\n","protected":false},"author":1,"featured_media":0,"comment_status":"open","ping_status":"open","sticky":false,"template":"","format":"standard","meta":{"footnotes":""},"categories":[26],"tags":[18229,18231,18230,18228],"class_list":["post-41195","post","type-post","status-publish","format-standard","hentry","category-solidaridad","tag-bryan-joel-norry","tag-cetad","tag-ciudad-madero","tag-roxana-karina-rodriguez"],"_links":{"self":[{"href":"https:\/\/www.elsindical.com.ar\/notas\/wp-json\/wp\/v2\/posts\/41195","targetHints":{"allow":["GET"]}}],"collection":[{"href":"https:\/\/www.elsindical.com.ar\/notas\/wp-json\/wp\/v2\/posts"}],"about":[{"href":"https:\/\/www.elsindical.com.ar\/notas\/wp-json\/wp\/v2\/types\/post"}],"author":[{"embeddable":true,"href":"https:\/\/www.elsindical.com.ar\/notas\/wp-json\/wp\/v2\/users\/1"}],"replies":[{"embeddable":true,"href":"https:\/\/www.elsindical.com.ar\/notas\/wp-json\/wp\/v2\/comments?post=41195"}],"version-history":[{"count":1,"href":"https:\/\/www.elsindical.com.ar\/notas\/wp-json\/wp\/v2\/posts\/41195\/revisions"}],"predecessor-version":[{"id":41197,"href":"https:\/\/www.elsindical.com.ar\/notas\/wp-json\/wp\/v2\/posts\/41195\/revisions\/41197"}],"wp:attachment":[{"href":"https:\/\/www.elsindical.com.ar\/notas\/wp-json\/wp\/v2\/media?parent=41195"}],"wp:term":[{"taxonomy":"category","embeddable":true,"href":"https:\/\/www.elsindical.com.ar\/notas\/wp-json\/wp\/v2\/categories?post=41195"},{"taxonomy":"post_tag","embeddable":true,"href":"https:\/\/www.elsindical.com.ar\/notas\/wp-json\/wp\/v2\/tags?post=41195"}],"curies":[{"name":"wp","href":"https:\/\/api.w.org\/{rel}","templated":true}]}}