{"id":41193,"date":"2014-03-03T13:43:53","date_gmt":"2014-03-03T16:43:53","guid":{"rendered":"http:\/\/www.elsindical.com.ar\/notas\/?p=41193"},"modified":"2014-03-03T13:43:53","modified_gmt":"2014-03-03T16:43:53","slug":"malvinas-argentinasmujer-asesino-a-su-hija-a-trompadas","status":"publish","type":"post","link":"https:\/\/www.elsindical.com.ar\/notas\/malvinas-argentinasmujer-asesino-a-su-hija-a-trompadas\/","title":{"rendered":"Malvinas Argentinas:Mujer asesin\u00f3 a su hija a trompadas"},"content":{"rendered":"<p><em><a href=\"http:\/\/www.elsindical.com.ar\/notas\/var\/www\/html\/notas\/wp-content\/uploads\/2010\/05\/mujer-esposada.jpg\"><img loading=\"lazy\" decoding=\"async\" class=\"alignnone size-full wp-image-6247\" alt=\"mujer-esposada\" src=\"http:\/\/www.elsindical.com.ar\/notas\/var\/www\/html\/notas\/wp-content\/uploads\/2010\/05\/mujer-esposada.jpg\" width=\"198\" height=\"164\" \/><\/a>La agresora, de 35 a\u00f1os, atac\u00f3 a golpes a la menor de 4\u00a0quien falleci\u00f3 por las m\u00faltiples lesiones en su casa del partido de Malvinas Argentinas.<\/em><\/p>\n<p>En la localidad bonaerense de Pablo Nogu\u00e9s, en el partido de Malvinas Argentinas, una mujer de 35 a\u00f1os\u00a0masacr\u00f3 a golpes a su indefensa hija de 4. La asesina fue detenida por los efectivos policiales. Se determin\u00f3 que la agresora habitualmente somet\u00eda a malos tratos a la inocente peque\u00f1a.<\/p>\n<p>Los voceros revelaron\u00a0el hecho se descubri\u00f3 en el interior de una humilde\u00a0casa ubicada en\u00a0Navier al 1.100, en el noroeste del conurbano provincial, donde fue hallado el cad\u00e1ver de la menor,\u00a0cuyo nombre\u00a0era <strong>Ruth<\/strong>, quien presentaba m\u00faltiples golpes en diversas partes del cuerpo.<\/p>\n<p>La progenitora de la v\u00edctima les dijo a las autoridades que su hija se hab\u00eda\u00a0herido de manera accidental.<\/p>\n<p>Sin embargo, los integrantes de la comisar\u00eda de Pablo Nogu\u00e9s (3\u00aa de Malvinas Argentinas) resolvieron apresar a la mujer. Despu\u00e9s, las pericias comprobaron que la nena hab\u00eda sido asesinada a golpes\u00a0por su madre. Por razones de seguridad, la sospechosa, de nombre <strong>Marina<\/strong>,\u00a0fue alojada preventivamente en la seccional 7\u00aa de Pilar, a disposici\u00f3n de los funcionarios judiciales.<\/p>\n<p>El asesinato de la ni\u00f1a ocurri\u00f3 mientras el padre de la criatura y a su vez pareja de la asesina no se encontraba en la vivienda.<\/p>\n<p>Intervino en la causa la doctora <strong>Karina Carbonella<\/strong>, Fiscal de Malvinas Argentinas, dependiente del departamento judicial de San Mart\u00edn.<\/p>\n","protected":false},"excerpt":{"rendered":"<p>La agresora, de 35 a\u00f1os, atac\u00f3 a golpes a la menor de 4\u00a0quien falleci\u00f3 por las m\u00faltiples lesiones en su casa del partido de Malvinas Argentinas. En la localidad bonaerense de Pablo Nogu\u00e9s, en el partido de Malvinas Argentinas, una mujer de 35 a\u00f1os\u00a0masacr\u00f3 a golpes a su indefensa hija de 4. La asesina fue&hellip;<\/p>\n","protected":false},"author":1,"featured_media":0,"comment_status":"open","ping_status":"open","sticky":false,"template":"","format":"standard","meta":{"footnotes":""},"categories":[22],"tags":[18227,4336,2239,8022,18226],"class_list":["post-41193","post","type-post","status-publish","format-standard","hentry","category-policiales","tag-karina-carbonella","tag-malvinas-argentinas","tag-marina","tag-pablo-nogues","tag-ruth"],"_links":{"self":[{"href":"https:\/\/www.elsindical.com.ar\/notas\/wp-json\/wp\/v2\/posts\/41193","targetHints":{"allow":["GET"]}}],"collection":[{"href":"https:\/\/www.elsindical.com.ar\/notas\/wp-json\/wp\/v2\/posts"}],"about":[{"href":"https:\/\/www.elsindical.com.ar\/notas\/wp-json\/wp\/v2\/types\/post"}],"author":[{"embeddable":true,"href":"https:\/\/www.elsindical.com.ar\/notas\/wp-json\/wp\/v2\/users\/1"}],"replies":[{"embeddable":true,"href":"https:\/\/www.elsindical.com.ar\/notas\/wp-json\/wp\/v2\/comments?post=41193"}],"version-history":[{"count":1,"href":"https:\/\/www.elsindical.com.ar\/notas\/wp-json\/wp\/v2\/posts\/41193\/revisions"}],"predecessor-version":[{"id":41194,"href":"https:\/\/www.elsindical.com.ar\/notas\/wp-json\/wp\/v2\/posts\/41193\/revisions\/41194"}],"wp:attachment":[{"href":"https:\/\/www.elsindical.com.ar\/notas\/wp-json\/wp\/v2\/media?parent=41193"}],"wp:term":[{"taxonomy":"category","embeddable":true,"href":"https:\/\/www.elsindical.com.ar\/notas\/wp-json\/wp\/v2\/categories?post=41193"},{"taxonomy":"post_tag","embeddable":true,"href":"https:\/\/www.elsindical.com.ar\/notas\/wp-json\/wp\/v2\/tags?post=41193"}],"curies":[{"name":"wp","href":"https:\/\/api.w.org\/{rel}","templated":true}]}}