{"id":41164,"date":"2014-02-28T18:42:51","date_gmt":"2014-02-28T21:42:51","guid":{"rendered":"http:\/\/www.elsindical.com.ar\/notas\/?p=41164"},"modified":"2014-02-28T18:42:51","modified_gmt":"2014-02-28T21:42:51","slug":"se-tomaran-muestras-de-sangre-a-familiares-de-victimas-de-la-dictadura","status":"publish","type":"post","link":"https:\/\/www.elsindical.com.ar\/notas\/se-tomaran-muestras-de-sangre-a-familiares-de-victimas-de-la-dictadura\/","title":{"rendered":"Se tomar\u00e1n muestras de sangre a familiares de v\u00edctimas de la dictadura"},"content":{"rendered":"<p><em><a href=\"http:\/\/www.elsindical.com.ar\/notas\/var\/www\/html\/notas\/wp-content\/uploads\/2014\/02\/AFICHE_14_Avellaneda.jpg\"><img loading=\"lazy\" decoding=\"async\" class=\"alignnone size-medium wp-image-41165\" alt=\"AFICHE_14_Avellaneda\" src=\"http:\/\/www.elsindical.com.ar\/notas\/var\/www\/html\/notas\/wp-content\/uploads\/2014\/02\/AFICHE_14_Avellaneda-211x300.jpg\" width=\"211\" height=\"300\" srcset=\"https:\/\/www.elsindical.com.ar\/notas\/var\/www\/html\/notas\/wp-content\/uploads\/2014\/02\/AFICHE_14_Avellaneda-211x300.jpg 211w, https:\/\/www.elsindical.com.ar\/notas\/var\/www\/html\/notas\/wp-content\/uploads\/2014\/02\/AFICHE_14_Avellaneda.jpg 502w\" sizes=\"auto, (max-width: 211px) 100vw, 211px\" \/><\/a>Ser\u00e1 en Plaza Alsina el pr\u00f3ximo 13 de marzo, y servir\u00e1 para identificar cuerpos inhumados clandestinamente.<\/em><\/p>\n<p>En el marco de las distintas actividades previstas durante el\u00a0<b>\u201cMes de la Memoria\u201d<\/b>, dirigidas a la concientizaci\u00f3n de los vecinos de nuestra ciudad, <b>el jueves 13 de marzo en la Plaza Alsina se llevar\u00e1 a cabo una jornada de toma de muestras de sangre a familiares de victimas de la dictadura c\u00edvico militar<\/b>, que permitan las identificaciones de cuerpos inhumados clandestinamente.<\/p>\n<p>Dicha actividad se desarrollar\u00e1 de 9 a 16 hs., y <b>servir\u00e1 tambi\u00e9n para que se acerquen vecinos de nuestra ciudad<\/b>. Se encuadra dentro del programa\u00a0<b>ILID<\/b>\u00a0\u201cIniciativa Latinoamericana para la Identificaci\u00f3n de Personas Desaparecidas\u201d que cuenta con el impulso del equipo Argentino de Antropolog\u00eda Forense (EAAF).<\/p>\n<p>La toma de muestras estar\u00e1 a cargo del Instituto de Hemoterapia del Hospital Fiorito y el equipo del EAAF, y la actividad cuenta con el apoyo de la Municipalidad de Avellaneda, a trav\u00e9s de su Consejo de DDHH, junto a la Secretar\u00eda de Derechos Humanos y el Instituto de Hemoterapia de la Provincia de Buenos Aires.<\/p>\n","protected":false},"excerpt":{"rendered":"<p>Ser\u00e1 en Plaza Alsina el pr\u00f3ximo 13 de marzo, y servir\u00e1 para identificar cuerpos inhumados clandestinamente. En el marco de las distintas actividades previstas durante el\u00a0\u201cMes de la Memoria\u201d, dirigidas a la concientizaci\u00f3n de los vecinos de nuestra ciudad, el jueves 13 de marzo en la Plaza Alsina se llevar\u00e1 a cabo una jornada de&hellip;<\/p>\n","protected":false},"author":1,"featured_media":0,"comment_status":"open","ping_status":"open","sticky":false,"template":"","format":"standard","meta":{"footnotes":""},"categories":[8],"tags":[1765,3253,17436,735],"class_list":["post-41164","post","type-post","status-publish","format-standard","hentry","category-derechos-humanos","tag-ddhh","tag-memoria","tag-plaza-alsina","tag-sangre"],"_links":{"self":[{"href":"https:\/\/www.elsindical.com.ar\/notas\/wp-json\/wp\/v2\/posts\/41164","targetHints":{"allow":["GET"]}}],"collection":[{"href":"https:\/\/www.elsindical.com.ar\/notas\/wp-json\/wp\/v2\/posts"}],"about":[{"href":"https:\/\/www.elsindical.com.ar\/notas\/wp-json\/wp\/v2\/types\/post"}],"author":[{"embeddable":true,"href":"https:\/\/www.elsindical.com.ar\/notas\/wp-json\/wp\/v2\/users\/1"}],"replies":[{"embeddable":true,"href":"https:\/\/www.elsindical.com.ar\/notas\/wp-json\/wp\/v2\/comments?post=41164"}],"version-history":[{"count":1,"href":"https:\/\/www.elsindical.com.ar\/notas\/wp-json\/wp\/v2\/posts\/41164\/revisions"}],"predecessor-version":[{"id":41166,"href":"https:\/\/www.elsindical.com.ar\/notas\/wp-json\/wp\/v2\/posts\/41164\/revisions\/41166"}],"wp:attachment":[{"href":"https:\/\/www.elsindical.com.ar\/notas\/wp-json\/wp\/v2\/media?parent=41164"}],"wp:term":[{"taxonomy":"category","embeddable":true,"href":"https:\/\/www.elsindical.com.ar\/notas\/wp-json\/wp\/v2\/categories?post=41164"},{"taxonomy":"post_tag","embeddable":true,"href":"https:\/\/www.elsindical.com.ar\/notas\/wp-json\/wp\/v2\/tags?post=41164"}],"curies":[{"name":"wp","href":"https:\/\/api.w.org\/{rel}","templated":true}]}}