{"id":41123,"date":"2014-02-26T08:16:41","date_gmt":"2014-02-26T11:16:41","guid":{"rendered":"http:\/\/www.elsindical.com.ar\/notas\/?p=41123"},"modified":"2014-02-26T08:16:41","modified_gmt":"2014-02-26T11:16:41","slug":"murio-el-guitarrista-paco-de-lucia","status":"publish","type":"post","link":"https:\/\/www.elsindical.com.ar\/notas\/murio-el-guitarrista-paco-de-lucia\/","title":{"rendered":"Muri\u00f3 el guitarrista Paco de Luc\u00eda"},"content":{"rendered":"<p><em><a href=\"http:\/\/www.elsindical.com.ar\/notas\/var\/www\/html\/notas\/wp-content\/uploads\/2012\/12\/Paco-de-Luc\u00eda.jpg\"><img loading=\"lazy\" decoding=\"async\" class=\"alignnone size-medium wp-image-31165\" alt=\"Paco-de-Luc\u00eda\" src=\"http:\/\/www.elsindical.com.ar\/notas\/var\/www\/html\/notas\/wp-content\/uploads\/2012\/12\/Paco-de-Luc\u00eda-300x224.jpg\" width=\"300\" height=\"224\" srcset=\"https:\/\/www.elsindical.com.ar\/notas\/var\/www\/html\/notas\/wp-content\/uploads\/2012\/12\/Paco-de-Luc\u00eda-300x224.jpg 300w, https:\/\/www.elsindical.com.ar\/notas\/var\/www\/html\/notas\/wp-content\/uploads\/2012\/12\/Paco-de-Luc\u00eda-400x300.jpg 400w, https:\/\/www.elsindical.com.ar\/notas\/var\/www\/html\/notas\/wp-content\/uploads\/2012\/12\/Paco-de-Luc\u00eda.jpg 502w\" sizes=\"auto, (max-width: 300px) 100vw, 300px\" \/><\/a>El artista espa\u00f1ol falleci\u00f3 este mi\u00e9rcoles <b>a los 66 a\u00f1os<\/b> <b>en M\u00e9xico<\/b>, seg\u00fan han informado fuentes del ayuntamiento de su localidad natal, Algeciras.<\/em><\/p>\n<div><b>Francisco S\u00e1nchez G\u00f3mez <\/b>grab\u00f3 su primer disco a los <b>12 a\u00f1os. <\/b>Se convirti\u00f3 en una <b>leyenda del flamenco.<\/b><\/div>\n<div>\n<p>El guitarrista Paco de Luc\u00eda (Algeciras, 1947), uno de los grandes maestros de la guitarra flamenca, <b>ha fallecido este mi\u00e9rcoles a los 66 a\u00f1os en Canc\u00fan<\/b>, mientras j<b>ugaba con sus hijos en la playa. <\/b><\/p>\n<p>La noticia fue confirmada por un amigo del artista, Victoriano Mena, y un sobrino del artista, Ram\u00f3n S\u00e1nchez,\u00a0\u00a0y difundida por el departamento de prensa de su ciudad natal, Algeciras,.<\/p>\n<p>Paco de Luc\u00eda se sinti\u00f3 mal repentinamente y muri\u00f3 camino al hospital, al parecer, <b>v\u00edctima de un infarto.<\/b><\/p>\n<p>El m\u00fasico viv\u00eda desde hace a\u00f1os en <b>Palma de Mallorca<\/b>, tras su paso por lugares como la Pen\u00ednsula del Yucat\u00e1n o Toledo. En los \u00faltimos tiempos, <b>fij\u00f3 su residencia en Cuba<\/b>. Los que lo trataron en Mallorca recuerdan que hab\u00eda dejado de tocar la guitarra durante un tiempo, para dedicarse a sus hijos peque\u00f1os, lejos del ambiente art\u00edstico.<\/p>\n<p>Paco de Lucia fue <b>Premio Pr\u00edncipe de Asturias de las Artes<\/b> y emblema, junto con <b>Camar\u00f3n de la Isla<\/b>, de la renovaci\u00f3n y difusi\u00f3n mundial del flamenco.<\/p>\n<div><b>Francisco S\u00e1nchez G\u00f3mez<\/b>, ese era su nombre verdadero, hab\u00eda inyectado al flamenco a lo largo de su larga trayectoria ritmos como el <b>jazz, la bossa nova e, incluso, la m\u00fasica cl\u00e1sica<\/b>.<\/div>\n<div><\/div>\n<div>Disc\u00edpulo de Ni\u00f1o Ricardo y de Sabicas, y respetado por m\u00fasicos de jazz, rock o blues, por su personal estilo, logr\u00f3, entre otros muchos reconocimientos, un Grammy al mejor \u00e1lbum flamenco 2004; el <b>Premio Nacional de Guitarra de Arte Flamenco; la Medalla de Oro al M\u00e9rito de las Bellas Artes 1992; el Premio Pastora Pav\u00f3n La Ni\u00f1a de los Peines 2002; y el honor\u00edfico de los Premios de la M\u00fasica 2002. <\/b><\/div>\n<div><\/div>\n<div>\n<div><b>Francisco, el hijo de Luc\u00eda<\/b><\/div>\n<div><\/div>\n<div>\n<p>Nacido el 21 de diciembre de 1947, en el pueblo gaditano de Algeciras, con el nombre de <b>Francisco S\u00e1nchez G\u00f3mez,<\/b> a los siete a\u00f1os cogi\u00f3 por primera vez una guitarra de la mano de su padre y luego de su hermano mayor.<\/p>\n<p>Por su <b>madre portuguesa<\/b> fue conocido como <b>\u00abPaco, el de Luc\u00eda\u00bb<\/b>, al identificar, igual que en Andaluc\u00eda, al hijo con el nombre de la madre, <b>Luc\u00eda Gomes.<\/b><\/p>\n<p>Con 12 a\u00f1os form\u00f3 el d\u00fao <b>Los Chiquitos<\/b> de Algeciras <b>con su hermano<\/b> <b>Pepe<\/b> en la voz, grupo que <b>triunf\u00f3 en 1961 en un concurso de Jerez y con el que grab\u00f3 su primer disco.<\/b><\/p>\n<p>Contratado por el bailar\u00edn Jos\u00e9 Greco en 1960 como tercer guitarrista de la <b>Compa\u00f1\u00eda del Ballet Cl\u00e1sico Espa\u00f1ol,<\/b> hizo su primera gira por los EEUU, y despu\u00e9s fue segunda guitarra y viaj\u00f3 por medio mundo. Por entonces <b>conoci\u00f3 a los guitarristas Sabicas y Mario Escudero,<\/b> que lo animaron a componer su propia m\u00fasica.<\/p>\n<p>Se integr\u00f3 con <b>17 a\u00f1os<\/b> en un grupo financiado por los representantes alemanes Horst Lippmann y Fritz Rau para su espect\u00e1culo <b>Festival Flamenco Gitano,<\/b> con el que recorri\u00f3 Europa y en el que figuraban <b>Camar\u00f3n, El Lebrijano, El Farruco y Juan Moya.<\/b><\/p>\n<p>Acompa\u00f1ado con frecuencia al cante por sus hermanos Ram\u00f3n de Algeciras y Pepe de Luc\u00eda, edit\u00f3 sus primeros discos en solitario a mediados de los 60:<i> <\/i><b><i>La fabulosa guitarra de Paco de Luc\u00eda<\/i> <\/b>(1967) y <i><b>Fantas\u00eda flamenca<\/b> <\/i>(1969).<\/p>\n<p>Su consagraci\u00f3n le lleg\u00f3 en los setenta, con memorables actuaciones en el Palau de Barcelona 1970 y Teatro Real y Teatro Monumental de Madrid 1975, y su primera grabaci\u00f3n en vivo <b><i>Paco en vivo desde el Teatro Real<\/i>,<\/b> primer LP de Oro.<\/p>\n<p><b>El d\u00fao con Camar\u00f3n de la Isla<\/b><\/p>\n<p>Fue en Madrid donde surgi\u00f3 <b>la m\u00edtica pareja El Camar\u00f3n-De Luc\u00eda,<\/b> tan virtuosa y purista como renovadora del flamenco y que se tradujo en m\u00e1s de diez discos de estudio, como<i> <\/i><b><i>El duende flamenco <\/i>(1972) y <i>Fuente y caudal<\/i> (1973).<\/b><\/p>\n<p>Fue Premio Castillete de Oro del Festival de Las Minas 1975;<i> single<\/i> de oro 1976 por su magn\u00edfica rumba <b><i>Entre dos aguas<\/i><\/b> y LP de Oro en 1976 por <b><i>Fuente y caudal<\/i>.<\/b><\/p>\n<p>Fund\u00f3 en <b>1981 su Sexteto,<\/b> con Ram\u00f3n de Algeciras (segunda guitarra), Pepe de Luc\u00eda (cante y palmas), Jorge Pardo (saxo y flauta), Rub\u00e9n Dantas (percusi\u00f3n) y Carles Benavent (bajo), lo que le permiti\u00f3 crear el concepto actual de grupo flamenco.<\/p>\n<p>Colabor\u00f3 en el disco<i> <\/i><b><i>Potro de rabia y miel <\/i>de su gran amigo Camar\u00f3n,<\/b> y la muerte de \u00e9ste, en 1992, lo llev\u00f3 a cancelar sus actuaciones por todo el mundo durante casi un a\u00f1o. Incluso pens\u00f3 en retirarse, regresando un a\u00f1o despu\u00e9s a los escenarios con una nueva gira europea, en la que dio cuarenta recitales en los EEUU, y grab\u00f3 <b><i>Live in Am\u00e9rica<\/i>.<\/b><\/p>\n<p>Entre sus discos est\u00e1n <i>Fantas\u00eda flamenca<\/i>, <i>Recital de guitarra<\/i>, <i>El duende flamenco de Paco de Luc\u00eda<\/i>, <i>Almoraima<\/i>, <i>Solo quiero caminar<\/i>, <i>Paco de Luc\u00eda en Mosc\u00fa<\/i>, <i>Zyryab<\/i>, <i>Siroco<\/i> o <i>Luc\u00eda<\/i> (1998).<\/p>\n<p><b>Grammy Latino y \u00faltimos trabajos<\/b><\/p>\n<p>Tras un silencio de cinco a\u00f1os, en 2004 edit\u00f3 <b><i>Cositas buenas\u00bb<\/i>,<\/b> calificado por la cr\u00edtica de <b>\u00abobra maestra\u00bb,<\/b> el cual contiene ocho temas in\u00e9ditos, como un tr\u00edo con la guitarra de Tomatito y la voz recuperada de Camar\u00f3n, y que le proporcion\u00f3 ese a\u00f1o el <b>Grammy Latino a mejor \u00e1lbum flamenco.<\/b><\/p>\n<p>Un a\u00f1o antes hab\u00eda publicado su primer recopilatorio, <b><i>Paco de Luc\u00eda por descubrir<\/i>,<\/b> con sus trabajos de 1964 a 1998.<\/p>\n<p>El 29 de junio de 2010 ofreci\u00f3 un magn\u00edfico recital a los 2.500 espectadores que se dieron cita en el escenario Puerta del \u00c1ngel de Madrid.<\/p>\n<p>En 2011 puso su guitarra en un disco de flamenco tradicional del m\u00fasico <b>Miguel Poveda.<\/b> Este mismo a\u00f1o el cantante particip\u00f3 en un <b>\u00e1lbum de boleros de Rub\u00e9n Blades,<\/b> con la agrupaci\u00f3n musical costarricense Editus.<\/p>\n<p>Era <b>hijo predilecto<\/b> de la provincia de C\u00e1diz (1997) y de Algeciras (1998) y <b>doctor honoris causa<\/b> por el Berklee College of Boston (EEUU, 2010).<\/p>\n<p>El guitarrista estaba afincado en Toledo y pasaba temporadas en Canc\u00fan (M\u00e9xico), donde practicaba la pesca submarina. Fruto de su primer matrimonio, en 1977, con Casilda Varela en Amsterdam (Holanda), tuvo <b>tres hijos:<\/b> <b>Casilda, Luc\u00eda y Francisco.<\/b><iframe loading=\"lazy\" src=\"\/\/www.youtube.com\/embed\/y9aHdr7EvUw\" height=\"420\" width=\"580\" allowfullscreen=\"\" frameborder=\"0\"><\/iframe><iframe loading=\"lazy\" src=\"\/\/www.youtube.com\/embed\/e9RS4biqyAc\" height=\"420\" width=\"580\" allowfullscreen=\"\" frameborder=\"0\"><\/iframe><iframe loading=\"lazy\" src=\"\/\/www.youtube.com\/embed\/b2nLO46TzIM\" height=\"420\" width=\"580\" allowfullscreen=\"\" frameborder=\"0\"><\/iframe><\/p>\n<\/div>\n<\/div>\n<\/div>\n","protected":false},"excerpt":{"rendered":"<p>El artista espa\u00f1ol falleci\u00f3 este mi\u00e9rcoles a los 66 a\u00f1os en M\u00e9xico, seg\u00fan han informado fuentes del ayuntamiento de su localidad natal, Algeciras. Francisco S\u00e1nchez G\u00f3mez grab\u00f3 su primer disco a los 12 a\u00f1os. Se convirti\u00f3 en una leyenda del flamenco. El guitarrista Paco de Luc\u00eda (Algeciras, 1947), uno de los grandes maestros de la&hellip;<\/p>\n","protected":false},"author":1,"featured_media":0,"comment_status":"open","ping_status":"open","sticky":false,"template":"","format":"standard","meta":{"footnotes":""},"categories":[15],"tags":[18201,18202,18200,18199,5893,4952,18198],"class_list":["post-41123","post","type-post","status-publish","format-standard","hentry","category-espectaculos","tag-algeciras","tag-cancun","tag-flamenco","tag-francisco-sanchez-gomez","tag-guitarrista","tag-infarto","tag-paco-de-lucia"],"_links":{"self":[{"href":"https:\/\/www.elsindical.com.ar\/notas\/wp-json\/wp\/v2\/posts\/41123","targetHints":{"allow":["GET"]}}],"collection":[{"href":"https:\/\/www.elsindical.com.ar\/notas\/wp-json\/wp\/v2\/posts"}],"about":[{"href":"https:\/\/www.elsindical.com.ar\/notas\/wp-json\/wp\/v2\/types\/post"}],"author":[{"embeddable":true,"href":"https:\/\/www.elsindical.com.ar\/notas\/wp-json\/wp\/v2\/users\/1"}],"replies":[{"embeddable":true,"href":"https:\/\/www.elsindical.com.ar\/notas\/wp-json\/wp\/v2\/comments?post=41123"}],"version-history":[{"count":1,"href":"https:\/\/www.elsindical.com.ar\/notas\/wp-json\/wp\/v2\/posts\/41123\/revisions"}],"predecessor-version":[{"id":41124,"href":"https:\/\/www.elsindical.com.ar\/notas\/wp-json\/wp\/v2\/posts\/41123\/revisions\/41124"}],"wp:attachment":[{"href":"https:\/\/www.elsindical.com.ar\/notas\/wp-json\/wp\/v2\/media?parent=41123"}],"wp:term":[{"taxonomy":"category","embeddable":true,"href":"https:\/\/www.elsindical.com.ar\/notas\/wp-json\/wp\/v2\/categories?post=41123"},{"taxonomy":"post_tag","embeddable":true,"href":"https:\/\/www.elsindical.com.ar\/notas\/wp-json\/wp\/v2\/tags?post=41123"}],"curies":[{"name":"wp","href":"https:\/\/api.w.org\/{rel}","templated":true}]}}