{"id":41121,"date":"2014-02-26T08:04:38","date_gmt":"2014-02-26T11:04:38","guid":{"rendered":"http:\/\/www.elsindical.com.ar\/notas\/?p=41121"},"modified":"2014-02-26T08:04:38","modified_gmt":"2014-02-26T11:04:38","slug":"despidos-en-nextel-con-criticas-al-gobierno-desde-la-empresa","status":"publish","type":"post","link":"https:\/\/www.elsindical.com.ar\/notas\/despidos-en-nextel-con-criticas-al-gobierno-desde-la-empresa\/","title":{"rendered":"Despidos en Nextel con criticas al gobierno desde la empresa"},"content":{"rendered":"<p><em><a href=\"http:\/\/www.elsindical.com.ar\/notas\/var\/www\/html\/notas\/wp-content\/uploads\/2011\/09\/Nextel-logo-nuevo.jpg\"><img loading=\"lazy\" decoding=\"async\" class=\"alignnone size-medium wp-image-17358\" alt=\"Nextel-logo-nuevo\" src=\"http:\/\/www.elsindical.com.ar\/notas\/var\/www\/html\/notas\/wp-content\/uploads\/2011\/09\/Nextel-logo-nuevo-300x179.jpg\" width=\"300\" height=\"179\" srcset=\"https:\/\/www.elsindical.com.ar\/notas\/var\/www\/html\/notas\/wp-content\/uploads\/2011\/09\/Nextel-logo-nuevo-300x179.jpg 300w, https:\/\/www.elsindical.com.ar\/notas\/var\/www\/html\/notas\/wp-content\/uploads\/2011\/09\/Nextel-logo-nuevo.jpg 413w\" sizes=\"auto, (max-width: 300px) 100vw, 300px\" \/><\/a>La empresa de telefon\u00eda celular envi\u00f3 telegramas de despidos al 10% de su personal. Dicen que forma parte de un proceso de adecuaci\u00f3n de su sistema de gesti\u00f3n y culpan al Gobierno por sus pol\u00edticas y las falencias de las redes.<\/em><\/p>\n<p>La empresa de comunicaciones <b>Nextel <\/b>despidi\u00f3 al 10% de su personal en la Argentina. En los \u00faltimos d\u00edas, 150 empleados comenzaron a recibir los telegramas de despidos. Desde la compa\u00f1\u00eda dicen que la medida forma parte de su nuevo plan de negocios, sin embargo hace algunos meses que discuten su futuro en el pa\u00eds.<\/p>\n<div>El a\u00f1o pasado, cuando a\u00fan sufr\u00edan las pol\u00edticas del ex secretario de Comercio <b>Guillermo Moreno<\/b>, este medio revel\u00f3 las intenciones de Nextel de dejar la Argentina. Es m\u00e1s, detall\u00f3 las negociaciones que hab\u00eda con el Gobierno sobre el control de sus operaciones.<\/div>\n<div><\/div>\n<div>Las restricciones para girar divisas al exterior y la imposibilidad de poder prestar servicios 3G y 4G por la falta de pol\u00edticas oficiales para expandir las redes, fueron algunos de los motivos que esgrimieron en la filial local del grupo norteamericano NII Holdings, seg\u00fan public\u00f3 <i>El Cronista <\/i>este mi\u00e9rcoles.<\/div>\n<div>\n<p>En 2011, la empresa anunci\u00f3 que buscar\u00eda participar de la licitaci\u00f3n por parte del espectro radioel\u00e9ctrico que Movistar debi\u00f3 devolver cuando adquiri\u00f3 Movicom en 2004 con el fin de comenzar a desarrollar su red 3G.<\/p>\n<p>Sin embargo, en 2012 la empresa dijo a sus inversores que el \u00abGobierno de la Argentina anunci\u00f3 su decisi\u00f3n de cancelar la licitaci\u00f3n y otorg\u00e1rselo a <b>Arsat<\/b>, una compa\u00f1\u00eda de telecomunicaciones estatal\u00bb, por lo que no pudo finalmente desarrollar y ofrecer el servicio de 3G.<\/p>\n<p>Si bien inicialmente se dijo que los despidos ser\u00edan 200, Nextel Argentina confirm\u00f3 que son 150 los empleados dejados cesantes. El presidente de Nextel Argentina, Rub\u00e9n Butvilofsky, habr\u00eda llegado a un consenso<b> <\/b>con el gremio Foetra por los despidos.<\/p>\n<\/div>\n<div>\u00ab<b>Es una decisi\u00f3n de negocios habitual en empresas que se plantean un cambio organizacional. Tiene que ver con adaptarnos a que nuestros clientes reclaman otra forma de atenci\u00f3n, sin tener que ir a una sucursal<\/b>\u00ab, explic\u00f3 la vocera de la compa\u00f1\u00eda en Argentina, <b>Ver\u00f3nica \u00c1lvarez Puente<\/b>, quien adem\u00e1s destac\u00f3 que no le es posible a la empresa seguir con la misma estructura que hace 10 a\u00f1os.<b>\u00a0<\/b><\/div>\n<div>\n<p>A pesar del recorte de personal, Nextel Argentina avanza con planes de inversi\u00f3n para 2014 con el objetivo de implementar nuevas tecnolog\u00edas \u2013entre las cuales se encontrar\u00eda el desarrollo de servicio LTE\u2013, luego de que NII Holdings no cerrara finalmente la venta de su filial local en 2013.<\/p>\n<p>Sin embargo, si aparecieran nuevas ofertas atractivas, el grupo norteamericano estar\u00eda dispuesto a vender su filial local, que es superavitaria, de acuerdo con fuentes del mercado. Las ofertas por Nextel Argentina rondaron los u$s200 millones, mientras que la compa\u00f1\u00eda tiene un volumen de negocios en torno a los u$s3.000 millones.<\/p>\n<\/div>\n","protected":false},"excerpt":{"rendered":"<p>La empresa de telefon\u00eda celular envi\u00f3 telegramas de despidos al 10% de su personal. Dicen que forma parte de un proceso de adecuaci\u00f3n de su sistema de gesti\u00f3n y culpan al Gobierno por sus pol\u00edticas y las falencias de las redes. La empresa de comunicaciones Nextel despidi\u00f3 al 10% de su personal en la Argentina.&hellip;<\/p>\n","protected":false},"author":1,"featured_media":0,"comment_status":"open","ping_status":"open","sticky":false,"template":"","format":"standard","meta":{"footnotes":""},"categories":[28],"tags":[53,375,3397,1938,6366],"class_list":["post-41121","post","type-post","status-publish","format-standard","hentry","category-empresariales","tag-despidos","tag-gobierno","tag-guillermo-moreno","tag-nextel","tag-telegramas"],"_links":{"self":[{"href":"https:\/\/www.elsindical.com.ar\/notas\/wp-json\/wp\/v2\/posts\/41121","targetHints":{"allow":["GET"]}}],"collection":[{"href":"https:\/\/www.elsindical.com.ar\/notas\/wp-json\/wp\/v2\/posts"}],"about":[{"href":"https:\/\/www.elsindical.com.ar\/notas\/wp-json\/wp\/v2\/types\/post"}],"author":[{"embeddable":true,"href":"https:\/\/www.elsindical.com.ar\/notas\/wp-json\/wp\/v2\/users\/1"}],"replies":[{"embeddable":true,"href":"https:\/\/www.elsindical.com.ar\/notas\/wp-json\/wp\/v2\/comments?post=41121"}],"version-history":[{"count":1,"href":"https:\/\/www.elsindical.com.ar\/notas\/wp-json\/wp\/v2\/posts\/41121\/revisions"}],"predecessor-version":[{"id":41122,"href":"https:\/\/www.elsindical.com.ar\/notas\/wp-json\/wp\/v2\/posts\/41121\/revisions\/41122"}],"wp:attachment":[{"href":"https:\/\/www.elsindical.com.ar\/notas\/wp-json\/wp\/v2\/media?parent=41121"}],"wp:term":[{"taxonomy":"category","embeddable":true,"href":"https:\/\/www.elsindical.com.ar\/notas\/wp-json\/wp\/v2\/categories?post=41121"},{"taxonomy":"post_tag","embeddable":true,"href":"https:\/\/www.elsindical.com.ar\/notas\/wp-json\/wp\/v2\/tags?post=41121"}],"curies":[{"name":"wp","href":"https:\/\/api.w.org\/{rel}","templated":true}]}}