{"id":4112,"date":"2010-03-02T15:44:57","date_gmt":"2010-03-02T18:44:57","guid":{"rendered":"http:\/\/www.elsindical.com.ar\/notas\/?p=4112"},"modified":"2010-03-02T15:44:57","modified_gmt":"2010-03-02T18:44:57","slug":"brasilcensura-una-publicidad-erotica-de-paris-hilton","status":"publish","type":"post","link":"https:\/\/www.elsindical.com.ar\/notas\/brasilcensura-una-publicidad-erotica-de-paris-hilton\/","title":{"rendered":"Brasil:Censura una publicidad er\u00f3tica de Paris Hilton"},"content":{"rendered":"<p style=\"text-align: justify;\"><em><a href=\"http:\/\/www.elsindical.com.ar\/notas\/var\/www\/html\/notas\/wp-content\/uploads\/2010\/03\/publicidad-cerveza-Paris-Hi.jpg\"><img loading=\"lazy\" decoding=\"async\" class=\"alignleft size-full wp-image-4113\" title=\"publicidad-cerveza-Paris-Hi\" src=\"http:\/\/www.elsindical.com.ar\/notas\/var\/www\/html\/notas\/wp-content\/uploads\/2010\/03\/publicidad-cerveza-Paris-Hi.jpg\" alt=\"\" width=\"198\" height=\"163\" \/><\/a>El Consejo de Autorregulaci\u00f3n Publicitaria (Conar) de Brasil ha vetado el spot de la cerveza &#8216;Devassa Bem Loura&#8217; (&#8216;Devassa, bien rubia&#8217;) que protagoniza Paris Hilton.<\/em>\u00a0<\/p>\n<p style=\"text-align: justify;\">Esta decisi\u00f3n se toma tras recibir diversas denuncias de asociaciones de consumidores y en especial la petici\u00f3n de retirada de la Secretar\u00eda Especial de Pol\u00edticas para las Mujeres, que calific\u00f3 la campa\u00f1a de \u00absexista e irrespetuosa\u00bb.<\/p>\n<p style=\"text-align: justify;\">El Grupo Schincariol, due\u00f1o de la marca, cree por el contrario que el anuncio \u00abno ofende en ning\u00fan aspecto cualquier norma u orientaci\u00f3n\u00bb del organismo de autorregulaci\u00f3n.<\/p>\n<p style=\"text-align: justify;\">Yo la verdad, creo que hemos visto cosas peores, de bastante peor gusto y mucho m\u00e1s sexistas y machistas que este anuncio de cerveza.\u00a0<\/p>\n<p><object classid=\"clsid:d27cdb6e-ae6d-11cf-96b8-444553540000\" width=\"560\" height=\"340\" codebase=\"http:\/\/download.macromedia.com\/pub\/shockwave\/cabs\/flash\/swflash.cab#version=6,0,40,0\"><param name=\"allowFullScreen\" value=\"true\" \/><param name=\"allowscriptaccess\" value=\"always\" \/><param name=\"src\" value=\"http:\/\/www.youtube.com\/v\/Fzrsxd_WpUE&amp;hl=en_US&amp;fs=1&amp;\" \/><param name=\"allowfullscreen\" value=\"true\" \/><embed type=\"application\/x-shockwave-flash\" width=\"560\" height=\"340\" src=\"http:\/\/www.youtube.com\/v\/Fzrsxd_WpUE&amp;hl=en_US&amp;fs=1&amp;\" allowfullscreen=\"true\" allowscriptaccess=\"always\"><\/embed><\/object><\/p>\n","protected":false},"excerpt":{"rendered":"<p>El Consejo de Autorregulaci\u00f3n Publicitaria (Conar) de Brasil ha vetado el spot de la cerveza &#8216;Devassa Bem Loura&#8217; (&#8216;Devassa, bien rubia&#8217;) que protagoniza Paris Hilton.\u00a0 Esta decisi\u00f3n se toma tras recibir diversas denuncias de asociaciones de consumidores y en especial la petici\u00f3n de retirada de la Secretar\u00eda Especial de Pol\u00edticas para las Mujeres, que calific\u00f3&hellip;<\/p>\n","protected":false},"author":1,"featured_media":0,"comment_status":"open","ping_status":"open","sticky":false,"template":"","format":"standard","meta":{"footnotes":""},"categories":[15],"tags":[95,2135,2133,2132,2134],"class_list":["post-4112","post","type-post","status-publish","format-standard","hentry","category-espectaculos","tag-brasil","tag-cerveza","tag-erotica","tag-paris-hilton","tag-publicidad"],"_links":{"self":[{"href":"https:\/\/www.elsindical.com.ar\/notas\/wp-json\/wp\/v2\/posts\/4112","targetHints":{"allow":["GET"]}}],"collection":[{"href":"https:\/\/www.elsindical.com.ar\/notas\/wp-json\/wp\/v2\/posts"}],"about":[{"href":"https:\/\/www.elsindical.com.ar\/notas\/wp-json\/wp\/v2\/types\/post"}],"author":[{"embeddable":true,"href":"https:\/\/www.elsindical.com.ar\/notas\/wp-json\/wp\/v2\/users\/1"}],"replies":[{"embeddable":true,"href":"https:\/\/www.elsindical.com.ar\/notas\/wp-json\/wp\/v2\/comments?post=4112"}],"version-history":[{"count":1,"href":"https:\/\/www.elsindical.com.ar\/notas\/wp-json\/wp\/v2\/posts\/4112\/revisions"}],"predecessor-version":[{"id":4114,"href":"https:\/\/www.elsindical.com.ar\/notas\/wp-json\/wp\/v2\/posts\/4112\/revisions\/4114"}],"wp:attachment":[{"href":"https:\/\/www.elsindical.com.ar\/notas\/wp-json\/wp\/v2\/media?parent=4112"}],"wp:term":[{"taxonomy":"category","embeddable":true,"href":"https:\/\/www.elsindical.com.ar\/notas\/wp-json\/wp\/v2\/categories?post=4112"},{"taxonomy":"post_tag","embeddable":true,"href":"https:\/\/www.elsindical.com.ar\/notas\/wp-json\/wp\/v2\/tags?post=4112"}],"curies":[{"name":"wp","href":"https:\/\/api.w.org\/{rel}","templated":true}]}}