{"id":41105,"date":"2014-02-25T01:42:34","date_gmt":"2014-02-25T04:42:34","guid":{"rendered":"http:\/\/www.elsindical.com.ar\/notas\/?p=41105"},"modified":"2014-02-25T01:48:36","modified_gmt":"2014-02-25T04:48:36","slug":"las-pelotas-hicieron-vibrar-groove","status":"publish","type":"post","link":"https:\/\/www.elsindical.com.ar\/notas\/las-pelotas-hicieron-vibrar-groove\/","title":{"rendered":"Las Pelotas hicieron vibrar Groove"},"content":{"rendered":"<p><a href=\"http:\/\/www.elsindical.com.ar\/notas\/var\/www\/html\/notas\/wp-content\/uploads\/2014\/02\/000000.jpg\"><img loading=\"lazy\" decoding=\"async\" class=\"alignnone size-medium wp-image-41108\" alt=\"000000\" src=\"http:\/\/www.elsindical.com.ar\/notas\/var\/www\/html\/notas\/wp-content\/uploads\/2014\/02\/000000-200x300.jpg\" width=\"200\" height=\"300\" srcset=\"https:\/\/www.elsindical.com.ar\/notas\/var\/www\/html\/notas\/wp-content\/uploads\/2014\/02\/000000-200x300.jpg 200w, https:\/\/www.elsindical.com.ar\/notas\/var\/www\/html\/notas\/wp-content\/uploads\/2014\/02\/000000.jpg 502w\" sizes=\"auto, (max-width: 200px) 100vw, 200px\" \/><\/a>El grupo Las Pelotas como siempre hizo vibrar Groove, con un recital excelente, con canciones que hac\u00edan saltar al p\u00fablico, cantar y delirar.<\/p>\n<p>Como si 25 a\u00f1os de carrera fuera poco, la banda contin\u00faa movilizando a un p\u00fablico joven y no tan j\u00f3venes.<\/p>\n<p>https:\/\/www.facebook.com\/media\/set\/?set=a.10202495318000483.1073741880.1121001251&#038;type=1&#038;l=2f3f041343<br \/>\n<iframe loading=\"lazy\" src=\"\/\/player.vimeo.com\/video\/87501396\" height=\"420\" width=\"580\" allowfullscreen=\"\" frameborder=\"0\"><\/iframe><\/p>\n<p><a href=\"http:\/\/vimeo.com\/87501396\">Ser\u00e1 -Las Pelotas- Groove &#8211; 23 de febrero del 2014<\/a> from <a href=\"http:\/\/vimeo.com\/hawrylciw\">Marcelo Ricardo Hawrylciw<\/a> on <a href=\"https:\/\/vimeo.com\">Vimeo<\/a>.<\/p>\n","protected":false},"excerpt":{"rendered":"<p>El grupo Las Pelotas como siempre hizo vibrar Groove, con un recital excelente, con canciones que hac\u00edan saltar al p\u00fablico, cantar y delirar. Como si 25 a\u00f1os de carrera fuera poco, la banda contin\u00faa movilizando a un p\u00fablico joven y no tan j\u00f3venes. https:\/\/www.facebook.com\/media\/set\/?set=a.10202495318000483.1073741880.1121001251&#038;type=1&#038;l=2f3f041343 Ser\u00e1 -Las Pelotas- Groove &#8211; 23 de febrero del 2014 from&hellip;<\/p>\n","protected":false},"author":1,"featured_media":0,"comment_status":"open","ping_status":"open","sticky":false,"template":"","format":"standard","meta":{"footnotes":""},"categories":[15],"tags":[13797,17306],"class_list":["post-41105","post","type-post","status-publish","format-standard","hentry","category-espectaculos","tag-groove","tag-las-pelotas"],"_links":{"self":[{"href":"https:\/\/www.elsindical.com.ar\/notas\/wp-json\/wp\/v2\/posts\/41105","targetHints":{"allow":["GET"]}}],"collection":[{"href":"https:\/\/www.elsindical.com.ar\/notas\/wp-json\/wp\/v2\/posts"}],"about":[{"href":"https:\/\/www.elsindical.com.ar\/notas\/wp-json\/wp\/v2\/types\/post"}],"author":[{"embeddable":true,"href":"https:\/\/www.elsindical.com.ar\/notas\/wp-json\/wp\/v2\/users\/1"}],"replies":[{"embeddable":true,"href":"https:\/\/www.elsindical.com.ar\/notas\/wp-json\/wp\/v2\/comments?post=41105"}],"version-history":[{"count":3,"href":"https:\/\/www.elsindical.com.ar\/notas\/wp-json\/wp\/v2\/posts\/41105\/revisions"}],"predecessor-version":[{"id":41109,"href":"https:\/\/www.elsindical.com.ar\/notas\/wp-json\/wp\/v2\/posts\/41105\/revisions\/41109"}],"wp:attachment":[{"href":"https:\/\/www.elsindical.com.ar\/notas\/wp-json\/wp\/v2\/media?parent=41105"}],"wp:term":[{"taxonomy":"category","embeddable":true,"href":"https:\/\/www.elsindical.com.ar\/notas\/wp-json\/wp\/v2\/categories?post=41105"},{"taxonomy":"post_tag","embeddable":true,"href":"https:\/\/www.elsindical.com.ar\/notas\/wp-json\/wp\/v2\/tags?post=41105"}],"curies":[{"name":"wp","href":"https:\/\/api.w.org\/{rel}","templated":true}]}}