{"id":40977,"date":"2014-02-18T19:41:49","date_gmt":"2014-02-18T22:41:49","guid":{"rendered":"http:\/\/www.elsindical.com.ar\/notas\/?p=40977"},"modified":"2014-02-18T19:41:49","modified_gmt":"2014-02-18T22:41:49","slug":"lomas-de-zamoraasesinan-a-dos-hermanos-en-budge-en-un-ajuste-de-cuentas","status":"publish","type":"post","link":"https:\/\/www.elsindical.com.ar\/notas\/lomas-de-zamoraasesinan-a-dos-hermanos-en-budge-en-un-ajuste-de-cuentas\/","title":{"rendered":"Lomas de Zamora:Asesinan a dos hermanos en Budge en un ajuste de cuentas"},"content":{"rendered":"<p><em><a href=\"http:\/\/www.elsindical.com.ar\/notas\/var\/www\/html\/notas\/wp-content\/uploads\/2010\/06\/morguera-polic\u00eda-bonaerense.jpg\"><img loading=\"lazy\" decoding=\"async\" class=\"alignnone size-medium wp-image-7557\" alt=\"morguera polic\u00eda bonaerense\" src=\"http:\/\/www.elsindical.com.ar\/notas\/var\/www\/html\/notas\/wp-content\/uploads\/2010\/06\/morguera-polic\u00eda-bonaerense-300x175.jpg\" width=\"300\" height=\"175\" srcset=\"https:\/\/www.elsindical.com.ar\/notas\/var\/www\/html\/notas\/wp-content\/uploads\/2010\/06\/morguera-polic\u00eda-bonaerense-300x175.jpg 300w, https:\/\/www.elsindical.com.ar\/notas\/var\/www\/html\/notas\/wp-content\/uploads\/2010\/06\/morguera-polic\u00eda-bonaerense.jpg 466w\" sizes=\"auto, (max-width: 300px) 100vw, 300px\" \/><\/a>Se trata de Eliseo y Clemente Ram\u00edrez, quienes fueron encontrados sin vida en la calle Tucum\u00e1n. La Polic\u00eda cree que se trata de un \u201cajuste de cuentas\u201d, que podr\u00eda estar vinculado a la venta de drogas. El doble homicidio se registr\u00f3 el fin de semana y a\u00fan no hay detenidos.<\/em><\/p>\n<p>Dos hermanos fueron asesinados en Ingeniero Budge. La Polic\u00eda cree que se trat\u00f3 de un \u201cajuste de cuentas\u201d y confirm\u00f3 que todav\u00eda no hay detenidos, pero persiste la b\u00fasqueda.<\/p>\n<p>Eliseo y Clemente Ram\u00edrez fueron acribillados. Sus cuerpos fueron hallados en la calle Tucum\u00e1n, entre Am\u00e9rica y el arroyo, precisaron los investigadores de este doble crimen, que podr\u00eda estar vinculado a la venta de drogas.<\/p>\n<p>Desde la Jefatura Departamental de Lan\u00fas precisaron que Eliseo recibi\u00f3 tres impactos de bala, dos en la cabeza y el restante en el brazo derecho, mientras que Clemente ten\u00eda un balazo en la cara.<\/p>\n<p>Ambos ten\u00edan antecedentes. El primero ten\u00eda pedido de captura por \u201cdoble homicidio\u201d y el segundo era investigado por tenencia de estupefacientes. Estos datos refuerzan la hip\u00f3tesis de que se trat\u00f3 de un \u201cajuste de cuentas\u201d.<\/p>\n<p>A partir del hallazgo de los cad\u00e1veres, comenz\u00f3 una investigaci\u00f3n policial para dar con los agresores, pero al cierre de esta edici\u00f3n no hab\u00eda detenidos por el doble homicidio.<\/p>\n","protected":false},"excerpt":{"rendered":"<p>Se trata de Eliseo y Clemente Ram\u00edrez, quienes fueron encontrados sin vida en la calle Tucum\u00e1n. La Polic\u00eda cree que se trata de un \u201cajuste de cuentas\u201d, que podr\u00eda estar vinculado a la venta de drogas. El doble homicidio se registr\u00f3 el fin de semana y a\u00fan no hay detenidos. Dos hermanos fueron asesinados en&hellip;<\/p>\n","protected":false},"author":1,"featured_media":0,"comment_status":"open","ping_status":"open","sticky":false,"template":"","format":"standard","meta":{"footnotes":""},"categories":[22],"tags":[2832,18156,382,18155,746,744,30],"class_list":["post-40977","post","type-post","status-publish","format-standard","hentry","category-policiales","tag-ajuste-de-cuentas","tag-clemente-ramirez","tag-drogas","tag-eliseo-ramirez","tag-ingeniero-budge","tag-lomas-de-zamora","tag-policia"],"_links":{"self":[{"href":"https:\/\/www.elsindical.com.ar\/notas\/wp-json\/wp\/v2\/posts\/40977","targetHints":{"allow":["GET"]}}],"collection":[{"href":"https:\/\/www.elsindical.com.ar\/notas\/wp-json\/wp\/v2\/posts"}],"about":[{"href":"https:\/\/www.elsindical.com.ar\/notas\/wp-json\/wp\/v2\/types\/post"}],"author":[{"embeddable":true,"href":"https:\/\/www.elsindical.com.ar\/notas\/wp-json\/wp\/v2\/users\/1"}],"replies":[{"embeddable":true,"href":"https:\/\/www.elsindical.com.ar\/notas\/wp-json\/wp\/v2\/comments?post=40977"}],"version-history":[{"count":1,"href":"https:\/\/www.elsindical.com.ar\/notas\/wp-json\/wp\/v2\/posts\/40977\/revisions"}],"predecessor-version":[{"id":40978,"href":"https:\/\/www.elsindical.com.ar\/notas\/wp-json\/wp\/v2\/posts\/40977\/revisions\/40978"}],"wp:attachment":[{"href":"https:\/\/www.elsindical.com.ar\/notas\/wp-json\/wp\/v2\/media?parent=40977"}],"wp:term":[{"taxonomy":"category","embeddable":true,"href":"https:\/\/www.elsindical.com.ar\/notas\/wp-json\/wp\/v2\/categories?post=40977"},{"taxonomy":"post_tag","embeddable":true,"href":"https:\/\/www.elsindical.com.ar\/notas\/wp-json\/wp\/v2\/tags?post=40977"}],"curies":[{"name":"wp","href":"https:\/\/api.w.org\/{rel}","templated":true}]}}