{"id":40898,"date":"2014-02-14T00:24:30","date_gmt":"2014-02-14T03:24:30","guid":{"rendered":"http:\/\/www.elsindical.com.ar\/notas\/?p=40898"},"modified":"2014-02-14T00:24:30","modified_gmt":"2014-02-14T03:24:30","slug":"avellanedagrave-denuncia-contra-funcionarios-y-el-intendente","status":"publish","type":"post","link":"https:\/\/www.elsindical.com.ar\/notas\/avellanedagrave-denuncia-contra-funcionarios-y-el-intendente\/","title":{"rendered":"Avellaneda:Grave denuncia contra funcionarios y el intendente"},"content":{"rendered":"<p><a href=\"http:\/\/www.elsindical.com.ar\/notas\/var\/www\/html\/notas\/wp-content\/uploads\/2014\/02\/ferraresi_acto_nacido_enavellaneda1.jpg\"><img loading=\"lazy\" decoding=\"async\" class=\"alignnone size-medium wp-image-40899\" alt=\"ferraresi_acto_nacido_enavellaneda1\" src=\"http:\/\/www.elsindical.com.ar\/notas\/var\/www\/html\/notas\/wp-content\/uploads\/2014\/02\/ferraresi_acto_nacido_enavellaneda1-300x194.jpg\" width=\"300\" height=\"194\" srcset=\"https:\/\/www.elsindical.com.ar\/notas\/var\/www\/html\/notas\/wp-content\/uploads\/2014\/02\/ferraresi_acto_nacido_enavellaneda1-300x194.jpg 300w, https:\/\/www.elsindical.com.ar\/notas\/var\/www\/html\/notas\/wp-content\/uploads\/2014\/02\/ferraresi_acto_nacido_enavellaneda1-461x300.jpg 461w, https:\/\/www.elsindical.com.ar\/notas\/var\/www\/html\/notas\/wp-content\/uploads\/2014\/02\/ferraresi_acto_nacido_enavellaneda1.jpg 531w\" sizes=\"auto, (max-width: 300px) 100vw, 300px\" \/><\/a>Reproducimos textualmente una grave denuncia contra funcionarios municipales y el intendente Jorge Ferraresi.<\/p>\n<div id=\"id_52fd860a0da516109520600\">Gabriela Siripublic\u00f3 enStma Sindicato Avellaneda Hace 16 minutos<\/div>\n<div>\nEn el plenario del la Juventud Eva Per\u00f3n del a\u00f1o pasado Ferraresi dijo un par de cosas.Una \u00abque uno va a militar no a buscar amistades\u00bb. Otra \u00abque cuando hay un compa\u00f1ero desocupado se lo ayude\u00bb ;Que \u00absi el realiza algo que se le debe decir de su gesti\u00f3n que se lo hagan saber\u00bb ;A mi me dijo que para buscar trabajo deb\u00eda militar par&#8230;a ellos ,yo lo trate de hacer pero cuando denuncie las irregularidades que hab\u00edan en el \u00e1rea de monitoreo la misma a agrupaci\u00f3n me hizo a un lado. Para eso quer\u00eda que lo ayuden al intendente? yo milito porque creo en el proyecto, no por dinero. \u00a0 Les comento en el \u00e1rea de monitoreo el director puesto por Fabi\u00e1n Monz\u00f3n(supervisor de personal de la municipalidad)fue director del Cementerio municipal de Avellaneda tiene una causa penal por abuso y acoso sexual a una compa\u00f1era , esta fue firmada por el sindicato municipal .El sub director Alberto de zan ejerce abuso de autoridad y persecuci\u00f3n a los compa\u00f1eros que trabajan en el \u00e1rea sac\u00e1ndoles fotos con las c\u00e1maras en el horario en que ellos no trabajan(los hace seguir).Para eso usan las c\u00e1maras?Y lo ultimo les descontaron 800$y cuando piden explicaciones los amenazan con que los va a echar. \u00a0 Ahora Jorge cuando te ped\u00ed una audiencia no me quisiste atender ,cuando hable con el referente de la Eva Peron \u00abjuano\u00bbme dio la espalda a mi y a los compa\u00f1eros que despidieron por enfermedades contra\u00eddas en ese trabajo, una compa\u00f1era embarazada, y a chicos por excusas inexistentes.. \u00a0 Ahora nos quieren hacer callar en la municipalidad. El otro d\u00eda nos entrevistamos con un concejal que quer\u00eda saber del problema y se excuso que si nosotros no hubi\u00e9semos hecho saber la verdad y denuncias nos devolv\u00edan el trabajo. Es decir callarnos. \u00a0 Estamos en una democracia en un proyectos que se va a seguir defendiendo y no a los que se dicen apoyarlo y son traidores. A la que no le gusta que lo retruque. \u00a0 La denuncia ya esta hecha en derechos Humanos y se va a llegar hasta las ultimas consecuencias.Y NADIE NOS VA A CALLAR PORQUE ES LA VERDAD!!!!<\/div>\n<div><\/div>\n<div>\n<div id=\"id_52fd860a0de319532517226\">Hola esto es para que sepan lo que pasa en\u00a0 la Municipalidad de Avellaneda. Yo como muchos le escrib\u00ed al Sr. Intendente Ferraresi para solicitar empleo no solo porque no consigo,\u00a0 sino porque estoy comprometida muy desde adentro con este proyecto. El propuso militar en su agrupaci\u00f3n la jp Eva Per\u00f3n lo hice. Pero la desilusi\u00f3n vino despu\u00e9s. Cuando me entero que mi novio,que ya trabajaba para el mun&#8230;icipio en el \u00e1rea de monitoreo lo despiden por una enfermedad ocasionada por el trabajo. No le dieron oportunidad de nada.4 a\u00f1os busco trabajo lo cuido como oro. Defendi\u00f3 al intendente cuando tomaron el polo judicial, y sabe que? FUE EL UNICO EN PODER HAGARRAR UN NARCOTRAFICANTE PESADO EN AVELLANEDA!!!!mira si no lo quer\u00eda el trabajo y lo echan por una enfermedad.El se\u00f1or(si as\u00ed se lo puede llamar a una persona) que lo hecha es el director del \u00e1rea de monitoreo de la Municipalidad Valcarce Mariano, el cual tiene en su registro\u00a0 una causa penal por abuso y acoso en a una compa\u00f1era en el cementerio de Avellaneda cuando el era director .El es el que vela por tu seguridad. El otro se\u00f1or ,si as\u00ed se lo puede llamar,yo lo llamar\u00eda lopecito (por Lopez\u00a0 Rega, todos pasan y el queda)\u00a0 pone la firma en el telegrama de despido ,Monz\u00f3n Fabi\u00e1n director de personal del Municipio. Y ello se hablan de ser peronistas? Dejando sin trabajo a gente y compa\u00f1eros comprometidos con este proyecto .De tras de el muchos mas compa\u00f1eros fueron despedidos&#8230;. A mi me ofrecieron trabajo. Trabajo o limosna? Me ofrecieron trabajar en el mismo lugar que lo echaron a mi novio, por 8hs y 3000 $ pero como monotributista\u00a0 donde deb\u00eda aportar casi 500$.Ellos se llaman peronistas? Que esta pasando con el intendente Ferraresi que no ve las cosas? Muchos compa\u00f1eros estamos sin trabajo pero lo que est\u00e1n haciendo es peor . No lo solo son menos votos el d\u00eda de ma\u00f1ana sino que nos est\u00e1n sacando un derecho universal,\u00a0 que es el derecho a trabajar. Yo siempre estuve con este proyecto pero , la desilusi\u00f3n que me llevo es muy grande .No naci ayer tengo un pasado MUY PERONISTA . Mi abuelo ,mi mama.. Y estos se dicen serlo? Que pasa que no derogan las leyes de flexibilizaci\u00f3n laboral? La verdad que esto va a llegar a lo mas alto y se va a saber. Por ahora es para que lo sepan que en el Municipio de Avellaneda se est\u00e1n despidiendo compa\u00f1eros y los trabajos que se ofrecen lo hacen por debajo del m\u00ednimo salarial y como monotributista.\u00a0 Aparte de despedir mujeres embarazadas, mujeres con bebes reci\u00e9n nacidos sin otorgarles la licencia correspondientes , gente enferma ocasionada por su trabajo y hasta discapacitados. Donde est\u00e1n las leyes laborales? El proyectos lo seguirer defendiendo por N\u00e9stor, Cristina, por los que ya no est\u00e1n, Madres y Abuelas. Pero no por los que dicen ser una cosa y son otras. Saludos<\/div>\n<\/div>\n","protected":false},"excerpt":{"rendered":"<p>Reproducimos textualmente una grave denuncia contra funcionarios municipales y el intendente Jorge Ferraresi. Gabriela Siripublic\u00f3 enStma Sindicato Avellaneda Hace 16 minutos En el plenario del la Juventud Eva Per\u00f3n del a\u00f1o pasado Ferraresi dijo un par de cosas.Una \u00abque uno va a militar no a buscar amistades\u00bb. Otra \u00abque cuando hay un compa\u00f1ero desocupado se&hellip;<\/p>\n","protected":false},"author":1,"featured_media":0,"comment_status":"open","ping_status":"open","sticky":false,"template":"","format":"standard","meta":{"footnotes":""},"categories":[6],"tags":[18129,461,22020,2597,17591,1062,18130],"class_list":["post-40898","post","type-post","status-publish","format-standard","hentry","category-denuncias","tag-alberto-de-zan","tag-avellaneda","tag-denuncias","tag-eva-peron","tag-fabian-monzon","tag-jorge-ferraresi","tag-mariano-valcarse"],"_links":{"self":[{"href":"https:\/\/www.elsindical.com.ar\/notas\/wp-json\/wp\/v2\/posts\/40898","targetHints":{"allow":["GET"]}}],"collection":[{"href":"https:\/\/www.elsindical.com.ar\/notas\/wp-json\/wp\/v2\/posts"}],"about":[{"href":"https:\/\/www.elsindical.com.ar\/notas\/wp-json\/wp\/v2\/types\/post"}],"author":[{"embeddable":true,"href":"https:\/\/www.elsindical.com.ar\/notas\/wp-json\/wp\/v2\/users\/1"}],"replies":[{"embeddable":true,"href":"https:\/\/www.elsindical.com.ar\/notas\/wp-json\/wp\/v2\/comments?post=40898"}],"version-history":[{"count":1,"href":"https:\/\/www.elsindical.com.ar\/notas\/wp-json\/wp\/v2\/posts\/40898\/revisions"}],"predecessor-version":[{"id":40902,"href":"https:\/\/www.elsindical.com.ar\/notas\/wp-json\/wp\/v2\/posts\/40898\/revisions\/40902"}],"wp:attachment":[{"href":"https:\/\/www.elsindical.com.ar\/notas\/wp-json\/wp\/v2\/media?parent=40898"}],"wp:term":[{"taxonomy":"category","embeddable":true,"href":"https:\/\/www.elsindical.com.ar\/notas\/wp-json\/wp\/v2\/categories?post=40898"},{"taxonomy":"post_tag","embeddable":true,"href":"https:\/\/www.elsindical.com.ar\/notas\/wp-json\/wp\/v2\/tags?post=40898"}],"curies":[{"name":"wp","href":"https:\/\/api.w.org\/{rel}","templated":true}]}}