{"id":40862,"date":"2014-02-12T09:40:51","date_gmt":"2014-02-12T12:40:51","guid":{"rendered":"http:\/\/www.elsindical.com.ar\/notas\/?p=40862"},"modified":"2014-02-12T09:40:51","modified_gmt":"2014-02-12T12:40:51","slug":"florencio-varelala-matan-de-un-puntazo-para-robarle-la-cartera","status":"publish","type":"post","link":"https:\/\/www.elsindical.com.ar\/notas\/florencio-varelala-matan-de-un-puntazo-para-robarle-la-cartera\/","title":{"rendered":"Florencio Varela:La matan de un puntazo para robarle la cartera"},"content":{"rendered":"<p><em><a href=\"http:\/\/www.elsindical.com.ar\/notas\/var\/www\/html\/notas\/wp-content\/uploads\/2012\/10\/Hospital-Mi-Pueblo.jpg\"><img loading=\"lazy\" decoding=\"async\" class=\"alignnone size-medium wp-image-28365\" alt=\"Hospital-Mi-Pueblo\" src=\"http:\/\/www.elsindical.com.ar\/notas\/var\/www\/html\/notas\/wp-content\/uploads\/2012\/10\/Hospital-Mi-Pueblo-300x199.jpg\" width=\"300\" height=\"199\" srcset=\"https:\/\/www.elsindical.com.ar\/notas\/var\/www\/html\/notas\/wp-content\/uploads\/2012\/10\/Hospital-Mi-Pueblo-300x199.jpg 300w, https:\/\/www.elsindical.com.ar\/notas\/var\/www\/html\/notas\/wp-content\/uploads\/2012\/10\/Hospital-Mi-Pueblo.jpg 443w\" sizes=\"auto, (max-width: 300px) 100vw, 300px\" \/><\/a>En Florencio Varela, una mujer fue asesinada por dos motochorros que luego de herirla le sustrajeron su bolso. La polic\u00eda ya tiene identificado\u00a0a los sospechosos.<\/em><\/p>\n<p>Una mujer de 50 a\u00f1os fue asesinada de un puntazo al ser asaltada por dos motochorros\u00a0que le robaron la cartera en la localidad bonaerense de Bosques, partido de Florencio Varela, informaron fuentes policiales.<\/p>\n<p>La v\u00edctima, identificada por la Polic\u00eda como<strong> Josefa Cativa<\/strong> (50), muri\u00f3 en la noche del lunes, en el Hospital Mi Pueblo de dicho partido de la zona sur del conurbano, donde estuvo internada desde el domingo, cuando ocurri\u00f3 el hecho.<\/p>\n<p>Fuentes policiales informaron\u00a0que reci\u00e9n recibieron la denuncia de lo ocurrido a trav\u00e9s del marido de Cativa luego de que \u00e9sta falleci\u00f3.<\/p>\n<p>De acuerdo a lo que reconstruyeron los pesquisas en las \u00faltimas horas a trav\u00e9s de un testigo, todo comenz\u00f3 anteayer, alrededor de las 05:30, cuando la v\u00edctima regresaba a su casa de Bosques y descendi\u00f3 de un colectivo en la esquina de Luj\u00e1n y Rub\u00e9n Dar\u00edo.<\/p>\n<p>En ese momento, dos delincuentes en moto la abordaron y tras aplicarle un puntazo en la zona abdominal, le arrebataron la cartera y huyeron, dijeron los informantes.<\/p>\n<p>Tras el asalto, Cativa fue trasladada de manera particular hasta el hospital donde muri\u00f3 el lunes, alrededor de las 22, agregaron los voceros.<\/p>\n<p>En tanto, los pesquisas ya identificaron a dos sospechosos a partir de los datos aportados por el testigo y realizaron\u00a0distintas diligencias en la zona de Bosques en procura de localizarlos.<\/p>\n<p>El homicidio de Cativa es investigado por personal de la Unidad Funcional de Instrucci\u00f3n (UFI) descentralizada 6 de Florencio Varela, a cargo de<strong> Vanesa Maiola<\/strong>.<\/p>\n","protected":false},"excerpt":{"rendered":"<p>En Florencio Varela, una mujer fue asesinada por dos motochorros que luego de herirla le sustrajeron su bolso. La polic\u00eda ya tiene identificado\u00a0a los sospechosos. Una mujer de 50 a\u00f1os fue asesinada de un puntazo al ser asaltada por dos motochorros\u00a0que le robaron la cartera en la localidad bonaerense de Bosques, partido de Florencio Varela,&hellip;<\/p>\n","protected":false},"author":1,"featured_media":0,"comment_status":"open","ping_status":"open","sticky":false,"template":"","format":"standard","meta":{"footnotes":""},"categories":[22],"tags":[18120,1307,13121,18121,7793],"class_list":["post-40862","post","type-post","status-publish","format-standard","hentry","category-policiales","tag-fiscal-vanesa-maiola","tag-florencio-varela","tag-hospital-mi-pueblo","tag-josefa-cativa","tag-ufi-6"],"_links":{"self":[{"href":"https:\/\/www.elsindical.com.ar\/notas\/wp-json\/wp\/v2\/posts\/40862","targetHints":{"allow":["GET"]}}],"collection":[{"href":"https:\/\/www.elsindical.com.ar\/notas\/wp-json\/wp\/v2\/posts"}],"about":[{"href":"https:\/\/www.elsindical.com.ar\/notas\/wp-json\/wp\/v2\/types\/post"}],"author":[{"embeddable":true,"href":"https:\/\/www.elsindical.com.ar\/notas\/wp-json\/wp\/v2\/users\/1"}],"replies":[{"embeddable":true,"href":"https:\/\/www.elsindical.com.ar\/notas\/wp-json\/wp\/v2\/comments?post=40862"}],"version-history":[{"count":1,"href":"https:\/\/www.elsindical.com.ar\/notas\/wp-json\/wp\/v2\/posts\/40862\/revisions"}],"predecessor-version":[{"id":40863,"href":"https:\/\/www.elsindical.com.ar\/notas\/wp-json\/wp\/v2\/posts\/40862\/revisions\/40863"}],"wp:attachment":[{"href":"https:\/\/www.elsindical.com.ar\/notas\/wp-json\/wp\/v2\/media?parent=40862"}],"wp:term":[{"taxonomy":"category","embeddable":true,"href":"https:\/\/www.elsindical.com.ar\/notas\/wp-json\/wp\/v2\/categories?post=40862"},{"taxonomy":"post_tag","embeddable":true,"href":"https:\/\/www.elsindical.com.ar\/notas\/wp-json\/wp\/v2\/tags?post=40862"}],"curies":[{"name":"wp","href":"https:\/\/api.w.org\/{rel}","templated":true}]}}