{"id":4077,"date":"2010-03-01T15:23:05","date_gmt":"2010-03-01T18:23:05","guid":{"rendered":"http:\/\/www.elsindical.com.ar\/notas\/?p=4077"},"modified":"2010-03-01T15:44:37","modified_gmt":"2010-03-01T18:44:37","slug":"graves-denuncias-de-guardavidas-del-partido-de-la-costa","status":"publish","type":"post","link":"https:\/\/www.elsindical.com.ar\/notas\/graves-denuncias-de-guardavidas-del-partido-de-la-costa\/","title":{"rendered":"Graves denuncias de guardavidas del Partido de la Costa"},"content":{"rendered":"<p style=\"text-align: justify;\"><a href=\"http:\/\/www.elsindical.com.ar\/notas\/var\/www\/html\/notas\/wp-content\/uploads\/2010\/03\/elementos-guardavida.jpg\"><img loading=\"lazy\" decoding=\"async\" class=\"alignleft size-full wp-image-4078\" title=\"elementos-guardavida\" src=\"http:\/\/www.elsindical.com.ar\/notas\/var\/www\/html\/notas\/wp-content\/uploads\/2010\/03\/elementos-guardavida.jpg\" alt=\"\" width=\"207\" height=\"161\" \/><\/a>Soy un guardavidas que desde el 89 trabajo en el Municipio de la costa. Jam\u00e1s una sanci\u00f3n, solo conceptos excelentes y notas de m\u00e9rito en mi libreta. Desde antes de la temporada pasada con otros colegas que se animaron (pese a la presi\u00f3n del sindicato) empezamos a exigir m\u00e1s guardavidas y elementos y comenzamos a denunciar fallas en el operativo de playas, por notas, telegramas y con manifestaciones. El intendente no nos atendi\u00f3 jam\u00e1s, a pesar de 8 pedidos de audiencia y jam\u00e1s corrigi\u00f3 las fallas que le marc\u00e1bamos.<\/p>\n<p style=\"text-align: justify;\">Deben saber que la temporada se cobro mas de 10 vidas y que este municipio se niega a brindar un informe oficial. Que tambi\u00e9n se niega a brindar el listado de guardavidas, lo que podr\u00eda explicar porque figuran playas que est\u00e1n cubiertas cuando en realidad no lo est\u00e1n. Desde febrero de 2009 comenzaron los despidos verbales y comenz\u00f3 el conflicto que tomo alcance nacional.<\/p>\n<p style=\"text-align: justify;\">Soy uno de los despedidos (delegado adem\u00e1s) y tengo la documentaci\u00f3n sobre todas estas denuncias. les dejo unos videos de los reclamos, algunos de ellos son de antes que se ahogara nadie, una l\u00e1stima no haber sido escuchado.<\/p>\n<p style=\"text-align: justify;\">Observese en el audio enviado en archivo:\u00a0<\/p>\n<p style=\"text-align: justify;\">\u00a0El que habla es Ferreira ( policia a cargo entre \u00abotras cosas\u00bb del operativo de playas -que historicamente habia dependido hasta el a\u00f1o pasado de turismo- Le habiamos solicitado audiencia desde hacia tiempo y salio en un medio a decir que ya habia \u00abaveriguado\u00bb sobre un grupo de trabajadores,en lugar de escucharnos. Luego sale a decir que los anteojos de sol (algo necesario para nuestra tarea de observaci\u00f3n ) y las protectores solares (es necesario decir aqu\u00ed cuan nesesarios son para el guardavidas al que no le dan ni una sombrilla?) que esas cosas las tenemos que comprar de nuestro bolsillo!!! ( encima cobremos 50 d\u00edas despu\u00e9s de pisar la arena).<\/p>\n<p style=\"text-align: justify;\">Y para rematarla en el mismo audio dice que van a evaluar si contratan a los que se enfermaron la tenmporada pasada!!!. Es el m\u00e1ximo responsable del operativo, la temporada pasada hubo m\u00e1s de 10 v\u00edctimas y el tipo sigue all\u00ed, despidiendo a los que denuncian estas cosas. Difundan esto por favor, o denle un falcon verde y m\u00e1ndenlo a los a\u00f1os 70s a este individuo!!\u00a0<\/p>\n<p style=\"text-align: justify;\">\u00a0Ah, ese audio es de una nota a medio televisivo local, y es el \u00fanico cd o dvd que desapareci\u00f3 del archivo del canal (curios\u00edsimo), gracias a Dios alguien lo grabo aparte.<\/p>\n<p style=\"text-align: justify;\">\u00a0<\/p>\n<p><object classid=\"clsid:d27cdb6e-ae6d-11cf-96b8-444553540000\" width=\"425\" height=\"344\" codebase=\"http:\/\/download.macromedia.com\/pub\/shockwave\/cabs\/flash\/swflash.cab#version=6,0,40,0\"><param name=\"allowFullScreen\" value=\"true\" \/><param name=\"allowscriptaccess\" value=\"always\" \/><param name=\"src\" value=\"http:\/\/www.youtube.com\/v\/q7eTllaFst8&amp;hl=en_US&amp;fs=1&amp;\" \/><param name=\"allowfullscreen\" value=\"true\" \/><embed type=\"application\/x-shockwave-flash\" width=\"425\" height=\"344\" src=\"http:\/\/www.youtube.com\/v\/q7eTllaFst8&amp;hl=en_US&amp;fs=1&amp;\" allowfullscreen=\"true\" allowscriptaccess=\"always\"><\/embed><\/object><object classid=\"clsid:d27cdb6e-ae6d-11cf-96b8-444553540000\" width=\"425\" height=\"344\" codebase=\"http:\/\/download.macromedia.com\/pub\/shockwave\/cabs\/flash\/swflash.cab#version=6,0,40,0\"><param name=\"allowFullScreen\" value=\"true\" \/><param name=\"allowscriptaccess\" value=\"always\" \/><param name=\"src\" value=\"http:\/\/www.youtube.com\/v\/EwhpwefhW3o&amp;hl=en_US&amp;fs=1&amp;\" \/><param name=\"allowfullscreen\" value=\"true\" \/><embed type=\"application\/x-shockwave-flash\" width=\"425\" height=\"344\" src=\"http:\/\/www.youtube.com\/v\/EwhpwefhW3o&amp;hl=en_US&amp;fs=1&amp;\" allowfullscreen=\"true\" allowscriptaccess=\"always\"><\/embed><\/object><object classid=\"clsid:d27cdb6e-ae6d-11cf-96b8-444553540000\" width=\"425\" height=\"344\" codebase=\"http:\/\/download.macromedia.com\/pub\/shockwave\/cabs\/flash\/swflash.cab#version=6,0,40,0\"><param name=\"allowFullScreen\" value=\"true\" \/><param name=\"allowscriptaccess\" value=\"always\" \/><param name=\"src\" value=\"http:\/\/www.youtube.com\/v\/IOn626EBUJs&amp;hl=en_US&amp;fs=1&amp;\" \/><param name=\"allowfullscreen\" value=\"true\" \/><embed type=\"application\/x-shockwave-flash\" width=\"425\" height=\"344\" src=\"http:\/\/www.youtube.com\/v\/IOn626EBUJs&amp;hl=en_US&amp;fs=1&amp;\" allowfullscreen=\"true\" allowscriptaccess=\"always\"><\/embed><\/object><object classid=\"clsid:d27cdb6e-ae6d-11cf-96b8-444553540000\" width=\"425\" height=\"344\" codebase=\"http:\/\/download.macromedia.com\/pub\/shockwave\/cabs\/flash\/swflash.cab#version=6,0,40,0\"><param name=\"allowFullScreen\" value=\"true\" \/><param name=\"allowscriptaccess\" value=\"always\" \/><param name=\"src\" value=\"http:\/\/www.youtube.com\/v\/m8KwwWpSHLw&amp;hl=en_US&amp;fs=1&amp;\" \/><param name=\"allowfullscreen\" value=\"true\" \/><embed type=\"application\/x-shockwave-flash\" width=\"425\" height=\"344\" src=\"http:\/\/www.youtube.com\/v\/m8KwwWpSHLw&amp;hl=en_US&amp;fs=1&amp;\" allowfullscreen=\"true\" allowscriptaccess=\"always\"><\/embed><\/object><\/p>\n<p><strong>AUDIO<\/strong><\/p>\n<p><object classid=\"clsid:d27cdb6e-ae6d-11cf-96b8-444553540000\" width=\"353\" height=\"132\" codebase=\"http:\/\/download.macromedia.com\/pub\/shockwave\/cabs\/flash\/swflash.cab#version=6,0,40,0\"><param name=\"src\" value=\"http:\/\/www.goear.com\/files\/external.swf?file=bd2b94b\" \/><param name=\"wmode\" value=\"transparent\" \/><param name=\"quality\" value=\"high\" \/><embed type=\"application\/x-shockwave-flash\" width=\"353\" height=\"132\" src=\"http:\/\/www.goear.com\/files\/external.swf?file=bd2b94b\" wmode=\"transparent\" quality=\"high\"><\/embed><\/object><\/p>\n","protected":false},"excerpt":{"rendered":"<p>Soy un guardavidas que desde el 89 trabajo en el Municipio de la costa. Jam\u00e1s una sanci\u00f3n, solo conceptos excelentes y notas de m\u00e9rito en mi libreta. Desde antes de la temporada pasada con otros colegas que se animaron (pese a la presi\u00f3n del sindicato) empezamos a exigir m\u00e1s guardavidas y elementos y comenzamos a&hellip;<\/p>\n","protected":false},"author":1,"featured_media":0,"comment_status":"open","ping_status":"open","sticky":false,"template":"","format":"standard","meta":{"footnotes":""},"categories":[6],"tags":[53,1716,2113,2114,1255],"class_list":["post-4077","post","type-post","status-publish","format-standard","hentry","category-denuncias","tag-despidos","tag-guardavidas","tag-partido-de-la-costa","tag-presiones","tag-sindicato"],"_links":{"self":[{"href":"https:\/\/www.elsindical.com.ar\/notas\/wp-json\/wp\/v2\/posts\/4077","targetHints":{"allow":["GET"]}}],"collection":[{"href":"https:\/\/www.elsindical.com.ar\/notas\/wp-json\/wp\/v2\/posts"}],"about":[{"href":"https:\/\/www.elsindical.com.ar\/notas\/wp-json\/wp\/v2\/types\/post"}],"author":[{"embeddable":true,"href":"https:\/\/www.elsindical.com.ar\/notas\/wp-json\/wp\/v2\/users\/1"}],"replies":[{"embeddable":true,"href":"https:\/\/www.elsindical.com.ar\/notas\/wp-json\/wp\/v2\/comments?post=4077"}],"version-history":[{"count":3,"href":"https:\/\/www.elsindical.com.ar\/notas\/wp-json\/wp\/v2\/posts\/4077\/revisions"}],"predecessor-version":[{"id":4080,"href":"https:\/\/www.elsindical.com.ar\/notas\/wp-json\/wp\/v2\/posts\/4077\/revisions\/4080"}],"wp:attachment":[{"href":"https:\/\/www.elsindical.com.ar\/notas\/wp-json\/wp\/v2\/media?parent=4077"}],"wp:term":[{"taxonomy":"category","embeddable":true,"href":"https:\/\/www.elsindical.com.ar\/notas\/wp-json\/wp\/v2\/categories?post=4077"},{"taxonomy":"post_tag","embeddable":true,"href":"https:\/\/www.elsindical.com.ar\/notas\/wp-json\/wp\/v2\/tags?post=4077"}],"curies":[{"name":"wp","href":"https:\/\/api.w.org\/{rel}","templated":true}]}}