{"id":40749,"date":"2014-02-07T20:22:19","date_gmt":"2014-02-07T23:22:19","guid":{"rendered":"http:\/\/www.elsindical.com.ar\/notas\/?p=40749"},"modified":"2014-02-07T20:22:19","modified_gmt":"2014-02-07T23:22:19","slug":"san-vicentelos-intendentes-bonaerenses-se-juntaron-en-apoyo-al-proyecto-nacional-y-al-liderazgo-de-cristina","status":"publish","type":"post","link":"https:\/\/www.elsindical.com.ar\/notas\/san-vicentelos-intendentes-bonaerenses-se-juntaron-en-apoyo-al-proyecto-nacional-y-al-liderazgo-de-cristina\/","title":{"rendered":"San Vicente:Los intendentes bonaerenses se juntaron en apoyo al proyecto nacional y al liderazgo de Cristina"},"content":{"rendered":"<p><em><a href=\"http:\/\/www.elsindical.com.ar\/notas\/var\/www\/html\/notas\/wp-content\/uploads\/2014\/02\/IMG_9824-1.jpg\"><img loading=\"lazy\" decoding=\"async\" class=\"alignnone size-medium wp-image-40750\" alt=\"IMG_9824-(1)\" src=\"http:\/\/www.elsindical.com.ar\/notas\/var\/www\/html\/notas\/wp-content\/uploads\/2014\/02\/IMG_9824-1-300x200.jpg\" width=\"300\" height=\"200\" srcset=\"https:\/\/www.elsindical.com.ar\/notas\/var\/www\/html\/notas\/wp-content\/uploads\/2014\/02\/IMG_9824-1-300x200.jpg 300w, https:\/\/www.elsindical.com.ar\/notas\/var\/www\/html\/notas\/wp-content\/uploads\/2014\/02\/IMG_9824-1-450x300.jpg 450w, https:\/\/www.elsindical.com.ar\/notas\/var\/www\/html\/notas\/wp-content\/uploads\/2014\/02\/IMG_9824-1.jpg 531w\" sizes=\"auto, (max-width: 300px) 100vw, 300px\" \/><\/a>Veintid\u00f3s jefes comunales se reunieron anoche en la Quinta \u201c17 de Octubre\u201d de San Vicente expresando su sinton\u00eda pol\u00edtica con el proyecto nacional.<\/em><\/p>\n<p>Este nuevo agrupamiento nace de la necesidad de un conjunto importante de intendentes, con una <b>identidad pol\u00edtica claramente definida: La defensa del proyecto nacional, el liderazgo de la presidenta Cristina Fernandez de Kirchner<\/b> y el compromiso con la gente, desde el propio territorio, para evitar especulaciones de precios por parte de sectores concentrados de la econom\u00eda.<\/p>\n<p>La reuni\u00f3n fue muy bien recibida en el escenario pol\u00edtico provincial ya que involucra, de igual a igual, a intendentes del primer cord\u00f3n del conurbano con otros de ciudades m\u00e1s peque\u00f1as del interior de la provincia. En este sentido, los participantes definieron colectivamente a este espacio como \u201camplio y abierto a nuevos integrantes y nuevas propuestas\u201d.<\/p>\n<p>Entre los temas tratados, se resolvi\u00f3 trabajar de forma coordinada para controlar los valores de los productos incluidos en el programa de Precios Cuidados que lanz\u00f3 el gobierno nacional.<\/p>\n<p>Participaron de este encuentro el anfitri\u00f3n Daniel Di Sabatino, Jorge Ferraresi (Avellaneda), Patricio Mussi (Berazategui), Francisco Echarren (Castelli), Gast\u00f3n Arias (Coronel Brandsen), Gustavo Arrieta (Ca\u00f1uelas) Mario Secco (Ensenada), Fernando Gray (Esteban Echeverr\u00eda), Julio Pereyra (Florencio Varela), Jorge Eijo (General Belgrado), Juan Carlos Cal\u00f3 (Las Heras), Cristian Popovich (General Madariaga), Juan Carlos Veramendi (General Paz), Dar\u00edo D\u00edaz P\u00e9rez (Lan\u00fas), Alberto Gelene (Las Flores), Gustavo Sobrero (Lobos), Fernando Carballo (Magdalena), Ricardo Curuchet (Marcos Paz), An\u00edbal Regueiro (Presidente Per\u00f3n), Hern\u00e1n Yzurieta (Punta Indio) y Juan Carlos Gasparini (Roque P\u00e9rez).<\/p>\n<p>Para finalizar, se defini\u00f3 realizar otro encuentro el pr\u00f3ximo 20 de Febrero ya con la presencia de nuevos participantes.<\/p>\n","protected":false},"excerpt":{"rendered":"<p>Veintid\u00f3s jefes comunales se reunieron anoche en la Quinta \u201c17 de Octubre\u201d de San Vicente expresando su sinton\u00eda pol\u00edtica con el proyecto nacional. Este nuevo agrupamiento nace de la necesidad de un conjunto importante de intendentes, con una identidad pol\u00edtica claramente definida: La defensa del proyecto nacional, el liderazgo de la presidenta Cristina Fernandez de&hellip;<\/p>\n","protected":false},"author":1,"featured_media":0,"comment_status":"open","ping_status":"open","sticky":false,"template":"","format":"standard","meta":{"footnotes":""},"categories":[13],"tags":[461,1205,4050,3736],"class_list":["post-40749","post","type-post","status-publish","format-standard","hentry","category-politica","tag-avellaneda","tag-cristina-fernandez-de-kirchner","tag-intendentes","tag-san-vicente"],"_links":{"self":[{"href":"https:\/\/www.elsindical.com.ar\/notas\/wp-json\/wp\/v2\/posts\/40749","targetHints":{"allow":["GET"]}}],"collection":[{"href":"https:\/\/www.elsindical.com.ar\/notas\/wp-json\/wp\/v2\/posts"}],"about":[{"href":"https:\/\/www.elsindical.com.ar\/notas\/wp-json\/wp\/v2\/types\/post"}],"author":[{"embeddable":true,"href":"https:\/\/www.elsindical.com.ar\/notas\/wp-json\/wp\/v2\/users\/1"}],"replies":[{"embeddable":true,"href":"https:\/\/www.elsindical.com.ar\/notas\/wp-json\/wp\/v2\/comments?post=40749"}],"version-history":[{"count":1,"href":"https:\/\/www.elsindical.com.ar\/notas\/wp-json\/wp\/v2\/posts\/40749\/revisions"}],"predecessor-version":[{"id":40751,"href":"https:\/\/www.elsindical.com.ar\/notas\/wp-json\/wp\/v2\/posts\/40749\/revisions\/40751"}],"wp:attachment":[{"href":"https:\/\/www.elsindical.com.ar\/notas\/wp-json\/wp\/v2\/media?parent=40749"}],"wp:term":[{"taxonomy":"category","embeddable":true,"href":"https:\/\/www.elsindical.com.ar\/notas\/wp-json\/wp\/v2\/categories?post=40749"},{"taxonomy":"post_tag","embeddable":true,"href":"https:\/\/www.elsindical.com.ar\/notas\/wp-json\/wp\/v2\/tags?post=40749"}],"curies":[{"name":"wp","href":"https:\/\/api.w.org\/{rel}","templated":true}]}}