{"id":40734,"date":"2014-02-07T11:33:14","date_gmt":"2014-02-07T14:33:14","guid":{"rendered":"http:\/\/www.elsindical.com.ar\/notas\/?p=40734"},"modified":"2017-05-26T09:49:05","modified_gmt":"2017-05-26T12:49:05","slug":"san-vicentenueva-marcha-por-justicia-para-aymara-ortiz","status":"publish","type":"post","link":"https:\/\/www.elsindical.com.ar\/notas\/san-vicentenueva-marcha-por-justicia-para-aymara-ortiz\/","title":{"rendered":"San Vicente:Nueva marcha por justicia para Aymar\u00e1 Ort\u00edz"},"content":{"rendered":"<p><a href=\"http:\/\/www.elsindical.com.ar\/notas\/var\/www\/html\/notas\/wp-content\/uploads\/2014\/02\/Aymar\u00e1-Ortiz.jpg\"><img loading=\"lazy\" decoding=\"async\" class=\"alignnone size-medium wp-image-40735\" alt=\"Aymar\u00e1-Ortiz\" src=\"http:\/\/www.elsindical.com.ar\/notas\/var\/www\/html\/notas\/wp-content\/uploads\/2014\/02\/Aymar\u00e1-Ortiz-300x215.jpg\" width=\"300\" height=\"215\" srcset=\"https:\/\/www.elsindical.com.ar\/notas\/var\/www\/html\/notas\/wp-content\/uploads\/2014\/02\/Aymar\u00e1-Ortiz-300x215.jpg 300w, https:\/\/www.elsindical.com.ar\/notas\/var\/www\/html\/notas\/wp-content\/uploads\/2014\/02\/Aymar\u00e1-Ortiz-417x300.jpg 417w, https:\/\/www.elsindical.com.ar\/notas\/var\/www\/html\/notas\/wp-content\/uploads\/2014\/02\/Aymar\u00e1-Ortiz.jpg 443w\" sizes=\"auto, (max-width: 300px) 100vw, 300px\" \/><\/a>\u00a0 <em>Hoy a las 18:00 la familia de la nena de cinco a\u00f1os Aymar\u00e1 Ort\u00edz, realizar\u00e1 una nueva marcha a casi dos meses de la muerte de la menor en la Cl\u00ednica del Ni\u00f1o de La Plata, luego de una operaci\u00f3n en una cl\u00ednica privada de San Vicente, donde en una aparente mala praxis qued\u00f3 en coma.<\/em><\/p>\n<p>A dos d\u00edas de que se cumplan dos meses de la muerte de Aymar\u00e1 Ortiz, la peque\u00f1a de cinco a\u00f1os que falleci\u00f3 tras una supuesta mala praxis en la Cl\u00ednica Privada de San Vicente, familiares de la peque\u00f1a realizar\u00e1n hoy a partir de las 18:00 una nueva marcha en reclamo de Justicia, mientras esperan los resultados de la autopsia.<\/p>\n<p>\u201cTodav\u00eda no tenemos los resultados, pero seg\u00fan nos inform\u00f3 la Fiscal de Alejandro Korn, esta semana se va a conocer todo. Por esa raz\u00f3n, mientras esperamos la informaci\u00f3n decidimos hacer la marcha para reiterar el pedido de Justicia a casi dos meses de la muerte de nuestra hija\u201d, apunt\u00f3 Daniel Ortiz, pap\u00e1 de Aymar\u00e1.<\/p>\n<p>El punto de partida ser\u00e1 el frente del Palacio Municipal de San Vicente, desde donde partir\u00e1n a las 18:00 hasta el Sanatorio Privado de San Vicente,\u00a0 donde Aymar\u00e1 fue operada la primera vez. \u201cLa marcha tiene como objetivo reiterar el pedido de Justicia, mientras esperamos los resultados de la autopsia que va a determinar si hubo mala praxis\u201d, explic\u00f3 el pap\u00e1 de la chiquita.<\/p>\n<p>\u201cCon la marcha buscamos, tambi\u00e9n, repudiar lo que le ocurri\u00f3 a nuestra hija e informar a todos para que sepan lo que ocurre en este lugar, ya que nos hemos enterado de muchos otros casos del mismo tipo que la gente no se anim\u00f3 a denunciar por miedo. Por esa raz\u00f3n, est\u00e1n todos invitados a acompa\u00f1arnos y sumar su voz para pedir Justicia y que esto no vuelva a repetirse\u201d, subray\u00f3.<\/p>\n<p>Con respecto a los resultados de la autopsia, Ortiz se\u00f1al\u00f3 que, seg\u00fan le inform\u00f3 la Fiscal del caso, ya estar\u00edan listos, aunque resta que sean \u201ctraspasados y autentificados\u201d para \u201cpoder ser comunicados oficialmente\u201d.<\/p>\n<p>Es que, tanto allegados y amigos de la nena de cinco a\u00f1os, como el abogado de la familia, Daniel Sarrador, est\u00e1n a la espera de conocer las causas de la muerte de la peque\u00f1a, cuyo caso se \u00abencuentra en tr\u00e1mite\u00bb y por ahora est\u00e1 caratulado simplemente como \u201cmuerte\u201d.<\/p>\n<p>\u201cA pesar de que a\u00fan no tenemos los resultados en la mano, somos optimistas de que el caso podr\u00e1 dejar atr\u00e1s la instancia civil y pasar a otra penal, en la que se buscar\u00e1 culpar a la cl\u00ednica y a los m\u00e9dicos involucrados\u201d, hab\u00eda resaltado el letrado a este medio.<\/p>\n<p>Aymar\u00e1 Ortiz falleci\u00f3 el 9 de diciembre en la Cl\u00ednica del Ni\u00f1o de La Plata, a la cual hab\u00eda ingresado en estado de coma cuatro d\u00edas antes debido a las complicaciones que padeci\u00f3 tras una operaci\u00f3n programada de adenoides a la que fue sometida en la Cl\u00ednica Privada San Vicente. Los padres consideran que la muerte de la peque\u00f1a fue producto de \u201cmala praxis\u201d y \u201cnegligencia m\u00e9dica\u201d.<\/p>\n","protected":false},"excerpt":{"rendered":"<p>\u00a0 Hoy a las 18:00 la familia de la nena de cinco a\u00f1os Aymar\u00e1 Ort\u00edz, realizar\u00e1 una nueva marcha a casi dos meses de la muerte de la menor en la Cl\u00ednica del Ni\u00f1o de La Plata, luego de una operaci\u00f3n en una cl\u00ednica privada de San Vicente, donde en una aparente mala praxis qued\u00f3&hellip;<\/p>\n","protected":false},"author":1,"featured_media":0,"comment_status":"open","ping_status":"open","sticky":false,"template":"","format":"standard","meta":{"footnotes":""},"categories":[25],"tags":[18064,16527,239,3736],"class_list":["post-40734","post","type-post","status-publish","format-standard","hentry","category-sociedad","tag-aymara-ortiz","tag-clinica-del-nino","tag-la-plata","tag-san-vicente"],"_links":{"self":[{"href":"https:\/\/www.elsindical.com.ar\/notas\/wp-json\/wp\/v2\/posts\/40734","targetHints":{"allow":["GET"]}}],"collection":[{"href":"https:\/\/www.elsindical.com.ar\/notas\/wp-json\/wp\/v2\/posts"}],"about":[{"href":"https:\/\/www.elsindical.com.ar\/notas\/wp-json\/wp\/v2\/types\/post"}],"author":[{"embeddable":true,"href":"https:\/\/www.elsindical.com.ar\/notas\/wp-json\/wp\/v2\/users\/1"}],"replies":[{"embeddable":true,"href":"https:\/\/www.elsindical.com.ar\/notas\/wp-json\/wp\/v2\/comments?post=40734"}],"version-history":[{"count":1,"href":"https:\/\/www.elsindical.com.ar\/notas\/wp-json\/wp\/v2\/posts\/40734\/revisions"}],"predecessor-version":[{"id":40736,"href":"https:\/\/www.elsindical.com.ar\/notas\/wp-json\/wp\/v2\/posts\/40734\/revisions\/40736"}],"wp:attachment":[{"href":"https:\/\/www.elsindical.com.ar\/notas\/wp-json\/wp\/v2\/media?parent=40734"}],"wp:term":[{"taxonomy":"category","embeddable":true,"href":"https:\/\/www.elsindical.com.ar\/notas\/wp-json\/wp\/v2\/categories?post=40734"},{"taxonomy":"post_tag","embeddable":true,"href":"https:\/\/www.elsindical.com.ar\/notas\/wp-json\/wp\/v2\/tags?post=40734"}],"curies":[{"name":"wp","href":"https:\/\/api.w.org\/{rel}","templated":true}]}}