{"id":40726,"date":"2014-02-06T19:01:10","date_gmt":"2014-02-06T22:01:10","guid":{"rendered":"http:\/\/www.elsindical.com.ar\/notas\/?p=40726"},"modified":"2014-02-06T19:01:10","modified_gmt":"2014-02-06T22:01:10","slug":"belgranosereno-dispara-contra-delincuentes-y-mata-a-uno","status":"publish","type":"post","link":"https:\/\/www.elsindical.com.ar\/notas\/belgranosereno-dispara-contra-delincuentes-y-mata-a-uno\/","title":{"rendered":"Belgrano:Sereno dispara contra delincuentes y mata a uno"},"content":{"rendered":"<p><em><a href=\"http:\/\/www.elsindical.com.ar\/notas\/var\/www\/html\/notas\/wp-content\/uploads\/2014\/02\/robo-garage-Belgrano.jpg\"><img loading=\"lazy\" decoding=\"async\" class=\"alignnone size-medium wp-image-40727\" alt=\"robo-garage-Belgrano\" src=\"http:\/\/www.elsindical.com.ar\/notas\/var\/www\/html\/notas\/wp-content\/uploads\/2014\/02\/robo-garage-Belgrano-300x170.jpg\" width=\"300\" height=\"170\" srcset=\"https:\/\/www.elsindical.com.ar\/notas\/var\/www\/html\/notas\/wp-content\/uploads\/2014\/02\/robo-garage-Belgrano-300x170.jpg 300w, https:\/\/www.elsindical.com.ar\/notas\/var\/www\/html\/notas\/wp-content\/uploads\/2014\/02\/robo-garage-Belgrano-500x284.jpg 500w, https:\/\/www.elsindical.com.ar\/notas\/var\/www\/html\/notas\/wp-content\/uploads\/2014\/02\/robo-garage-Belgrano.jpg 531w\" sizes=\"auto, (max-width: 300px) 100vw, 300px\" \/><\/a>La grabaci\u00f3n muestra c\u00f3mo un encargado de un garage balea a tres delincuentes que quisieron asaltarlo y, segundos despu\u00e9s, uno de ellos cae muerto.<\/em><\/p>\n<p>Se difundi\u00f3 este jueves un<b> impactante video<\/b> en el que puede verse el momento en el que<b> un sereno de un garaje del barrio porte\u00f1o de Belgrano mata a un delincuente.<\/b><\/p>\n<p>La grabaci\u00f3n, dada a conocer por <b>policialesonline.com<\/b>, muestra a tres delincuentes asaltando un estacionamiento (ubicado en Ciudad de la Paz, casi Monroe) y la reacci\u00f3n del encargado del lugar, que dispara contra ellos.<\/p>\n<p>Al ser baleados por el hombre, los malvivientes se dan a la fuga y, segundos despu\u00e9s, uno de ellos cae muerto ya en la vereda.<\/p>\n<p>Por el fallecimiento del ladr\u00f3n, intervino la comisar\u00eda 33 de la Polic\u00eda Federal y <b>el sereno fue demorado, aunque luego recuper\u00f3 la libertad.<\/b><\/p>\n<p>Mira el video, en esta nota.<\/p>\n<p><span style=\"text-decoration: underline;\"><b>ATENCI\u00d3N: <\/b><\/span>Las im\u00e1genes pueden herir la sensibilidad del espectador.<iframe loading=\"lazy\" src=\"\/\/www.youtube.com\/embed\/UVobIIhsOiE\" height=\"420\" width=\"580\" allowfullscreen=\"\" frameborder=\"0\"><\/iframe><\/p>\n","protected":false},"excerpt":{"rendered":"<p>La grabaci\u00f3n muestra c\u00f3mo un encargado de un garage balea a tres delincuentes que quisieron asaltarlo y, segundos despu\u00e9s, uno de ellos cae muerto. Se difundi\u00f3 este jueves un impactante video en el que puede verse el momento en el que un sereno de un garaje del barrio porte\u00f1o de Belgrano mata a un delincuente.&hellip;<\/p>\n","protected":false},"author":1,"featured_media":0,"comment_status":"open","ping_status":"open","sticky":false,"template":"","format":"standard","meta":{"footnotes":""},"categories":[22],"tags":[1225,894,4848,15939],"class_list":["post-40726","post","type-post","status-publish","format-standard","hentry","category-policiales","tag-belgrano","tag-disparos","tag-garage","tag-sereno"],"_links":{"self":[{"href":"https:\/\/www.elsindical.com.ar\/notas\/wp-json\/wp\/v2\/posts\/40726","targetHints":{"allow":["GET"]}}],"collection":[{"href":"https:\/\/www.elsindical.com.ar\/notas\/wp-json\/wp\/v2\/posts"}],"about":[{"href":"https:\/\/www.elsindical.com.ar\/notas\/wp-json\/wp\/v2\/types\/post"}],"author":[{"embeddable":true,"href":"https:\/\/www.elsindical.com.ar\/notas\/wp-json\/wp\/v2\/users\/1"}],"replies":[{"embeddable":true,"href":"https:\/\/www.elsindical.com.ar\/notas\/wp-json\/wp\/v2\/comments?post=40726"}],"version-history":[{"count":1,"href":"https:\/\/www.elsindical.com.ar\/notas\/wp-json\/wp\/v2\/posts\/40726\/revisions"}],"predecessor-version":[{"id":40728,"href":"https:\/\/www.elsindical.com.ar\/notas\/wp-json\/wp\/v2\/posts\/40726\/revisions\/40728"}],"wp:attachment":[{"href":"https:\/\/www.elsindical.com.ar\/notas\/wp-json\/wp\/v2\/media?parent=40726"}],"wp:term":[{"taxonomy":"category","embeddable":true,"href":"https:\/\/www.elsindical.com.ar\/notas\/wp-json\/wp\/v2\/categories?post=40726"},{"taxonomy":"post_tag","embeddable":true,"href":"https:\/\/www.elsindical.com.ar\/notas\/wp-json\/wp\/v2\/tags?post=40726"}],"curies":[{"name":"wp","href":"https:\/\/api.w.org\/{rel}","templated":true}]}}