{"id":40718,"date":"2014-02-06T15:09:50","date_gmt":"2014-02-06T18:09:50","guid":{"rendered":"http:\/\/www.elsindical.com.ar\/notas\/?p=40718"},"modified":"2014-02-06T15:09:50","modified_gmt":"2014-02-06T18:09:50","slug":"el-fiscal-pidio-la-indagatoria-de-amado-boudou-y-otros-implicados","status":"publish","type":"post","link":"https:\/\/www.elsindical.com.ar\/notas\/el-fiscal-pidio-la-indagatoria-de-amado-boudou-y-otros-implicados\/","title":{"rendered":"El Fiscal pidi\u00f3 la indagatoria de Amado Boudou y otros implicados"},"content":{"rendered":"<p><em><a href=\"http:\/\/www.elsindical.com.ar\/notas\/var\/www\/html\/notas\/wp-content\/uploads\/2012\/04\/viviendas-River-View-Amado-Boudou.jpg\"><img loading=\"lazy\" decoding=\"async\" class=\"alignnone size-medium wp-image-22732\" alt=\"viviendas-River-View-Amado-Boudou\" src=\"http:\/\/www.elsindical.com.ar\/notas\/var\/www\/html\/notas\/wp-content\/uploads\/2012\/04\/viviendas-River-View-Amado-Boudou-300x206.jpg\" width=\"300\" height=\"206\" srcset=\"https:\/\/www.elsindical.com.ar\/notas\/var\/www\/html\/notas\/wp-content\/uploads\/2012\/04\/viviendas-River-View-Amado-Boudou-300x206.jpg 300w, https:\/\/www.elsindical.com.ar\/notas\/var\/www\/html\/notas\/wp-content\/uploads\/2012\/04\/viviendas-River-View-Amado-Boudou.jpg 413w\" sizes=\"auto, (max-width: 300px) 100vw, 300px\" \/><\/a>El Fiscal Federal Jorge Di Lello present\u00f3 un escrito ante el Juez Federal Ariel Lijo en el que solicita que Amado Boudou <b>declare como imputado por el delito de negociaciones incompatibles con la funci\u00f3n p\u00fablica <\/b>por su intervenci\u00f3n para favorecer<b> a Ciccone. <\/b>Echegaray, tambi\u00e9n se encuentra acusado.<\/em><\/p>\n<p>Se esperaba. Desde diciembre pasado comenz\u00f3 a circular con fuerza la decisi\u00f3n del Fiscal Jorge Di Lello de pedir la indagatoria del vicepresidente de la Naci\u00f3n Amado Boudou por su participaci\u00f3n en el caso Ciccone. Finalmente se concret\u00f3 minutos despu\u00e9s del mediod\u00eda.<\/p>\n<p>El Fiscal le solicit\u00f3 al Juez Ariel Lijo varias indagatorias adem\u00e1s de la de Boudou. Para Di Lello debe ser indagado tambi\u00e9n el director de la Administraci\u00f3n Federal de Ingresos P\u00fablicos (AFIP), <b>Ricardo Echegaray<\/b>, por su participaci\u00f3n en el caso Ciccone. El pedido de indagatoria abarca adem\u00e1s a <b>Jos\u00e9 Mar\u00eda N\u00fa\u00f1ez Carmona<\/b>, socio de Boudou, y <b>Alejandro Vandenbroele<\/b>, quien se desempe\u00f1\u00f3 como director de la empresa Ciccone, la m\u00e1quina de hacer billetes, una vez que se produjo el desembarco en la compa\u00f1\u00eda del grupo de allegados al vicepresidente.<\/p>\n<p>El pedido de indagatoria incluye a Nicol\u00e1s Ciccone, due\u00f1o de la empresa que fue adquirida por el grupo cercano a Boudou y a Guillermo Reinwick, yerno de Ciccone. Di Lello pidi\u00f3 la indagatoria de Rafael Resnick\u00a0\u00a0Brenner, jefe de Asesores de la AFIP, y de M\u00e1ximo Lanusse, quien acompa\u00f1\u00f3 a Vandenbroele como vicepresidente de la Compa\u00f1\u00eda Sudamericana de Valores (como fue rebautizada Ciccone) en la llegada del fondo The Old Fund a la m\u00e1quina de hacer billetes.<\/p>\n<p>Echegaray neg\u00f3 la quita de capital que ped\u00eda The Old Fund y que aval\u00f3 Boudou -mediante una carta -despu\u00e9s\u00a0\u00a0de un dictamen favorable de Resnick Brenner. Luego la AFIP le otorg\u00f3 a la empresa un plan de facilidades de pago de su deuda impositiva tal como lo puede hacer el ente recaudador.<\/p>\n<p>Seg\u00fan fuentes judiciales, Di Lello solicit\u00f3 que se resuelva en un plazo razonable la situaci\u00f3n judicial de Boudou y ante la indagatoria pueda defenderse en Tribunales.<\/p>\n<p>El Fiscal tambi\u00e9n pidi\u00f3 que se investigue c\u00f3mo fue que la empresa The Old Fund consigui\u00f3 los fondos con los que adquiri\u00f3 parte de las acciones de Ciccone. Dentro de ese cap\u00edtulo pidi\u00f3 las declaraciones testimoniales del presidente del Banco Macro, Jorge Brito, y de los integrantes de la Cooperativa Mar\u00edtima del Sur, que aport\u00f3 dinero a The Old Fund. Entre los testigos cuya testimonial pedir\u00eda Di Lello se encuentran Cirio Zaval\u00eda, Mariano Maccarone, Mario Pelovski, Daniel Piasek, Patricio De Souza y Cecilia Guyot, todos de la Cooperativa.<\/p>\n<p>El Fiscal hace referencia al dictamen que present\u00f3 el a\u00f1o pasado el Fiscal de Casaci\u00f3n Javier de Luca quien hab\u00eda considerado que Boudou no hab\u00eda incurrido en el delito de negociaciones incompatibles con la funci\u00f3n p\u00fablica. Para Di Lello, en cambio, el hecho de que Boudou haya intercedido ante la AFIP para que The Old Fund recibiera una quita de su deuda impositiva configura el delito. Y por eso pidi\u00f3 la indagatoria.<\/p>\n<p>El enfoque del fiscal contradice al del Juez Lijo, quien hab\u00eda considerado a la familia Ciccone, a Reinwick y a Echegaray como testigos del caso. Y hab\u00edan quedado entre los imputados Boudou, N\u00fa\u00f1ez Carmona, Vandenbroele y Resnick Brenner. Lijo tiene la decisi\u00f3n. Si Lijo llama a indagatoria a Boudou ser\u00e1 la primera vez desde el regreso de la democracia que un vicepresidente de la Naci\u00f3n en ejercicio es citado a declarar como imputado en un caso de corrupci\u00f3n.<\/p>\n","protected":false},"excerpt":{"rendered":"<p>El Fiscal Federal Jorge Di Lello present\u00f3 un escrito ante el Juez Federal Ariel Lijo en el que solicita que Amado Boudou declare como imputado por el delito de negociaciones incompatibles con la funci\u00f3n p\u00fablica por su intervenci\u00f3n para favorecer a Ciccone. Echegaray, tambi\u00e9n se encuentra acusado. Se esperaba. Desde diciembre pasado comenz\u00f3 a circular&hellip;<\/p>\n","protected":false},"author":1,"featured_media":0,"comment_status":"open","ping_status":"open","sticky":false,"template":"","format":"standard","meta":{"footnotes":""},"categories":[20],"tags":[3586,12235,1983,7140],"class_list":["post-40718","post","type-post","status-publish","format-standard","hentry","category-judiciales","tag-amado-boudou","tag-fiscal-federal-jorge-di-lello","tag-indagatoria","tag-juez-federal-ariel-lijo"],"_links":{"self":[{"href":"https:\/\/www.elsindical.com.ar\/notas\/wp-json\/wp\/v2\/posts\/40718","targetHints":{"allow":["GET"]}}],"collection":[{"href":"https:\/\/www.elsindical.com.ar\/notas\/wp-json\/wp\/v2\/posts"}],"about":[{"href":"https:\/\/www.elsindical.com.ar\/notas\/wp-json\/wp\/v2\/types\/post"}],"author":[{"embeddable":true,"href":"https:\/\/www.elsindical.com.ar\/notas\/wp-json\/wp\/v2\/users\/1"}],"replies":[{"embeddable":true,"href":"https:\/\/www.elsindical.com.ar\/notas\/wp-json\/wp\/v2\/comments?post=40718"}],"version-history":[{"count":1,"href":"https:\/\/www.elsindical.com.ar\/notas\/wp-json\/wp\/v2\/posts\/40718\/revisions"}],"predecessor-version":[{"id":40719,"href":"https:\/\/www.elsindical.com.ar\/notas\/wp-json\/wp\/v2\/posts\/40718\/revisions\/40719"}],"wp:attachment":[{"href":"https:\/\/www.elsindical.com.ar\/notas\/wp-json\/wp\/v2\/media?parent=40718"}],"wp:term":[{"taxonomy":"category","embeddable":true,"href":"https:\/\/www.elsindical.com.ar\/notas\/wp-json\/wp\/v2\/categories?post=40718"},{"taxonomy":"post_tag","embeddable":true,"href":"https:\/\/www.elsindical.com.ar\/notas\/wp-json\/wp\/v2\/tags?post=40718"}],"curies":[{"name":"wp","href":"https:\/\/api.w.org\/{rel}","templated":true}]}}