{"id":4043,"date":"2010-02-28T19:47:33","date_gmt":"2010-02-28T22:47:33","guid":{"rendered":"http:\/\/www.elsindical.com.ar\/notas\/?p=4043"},"modified":"2010-02-28T19:47:33","modified_gmt":"2010-02-28T22:47:33","slug":"el-ex-marido-de-taddei-aseguro-que-el-baterista-de-callejeros-la-golpeaba","status":"publish","type":"post","link":"https:\/\/www.elsindical.com.ar\/notas\/el-ex-marido-de-taddei-aseguro-que-el-baterista-de-callejeros-la-golpeaba\/","title":{"rendered":"El ex marido de Taddei asegur\u00f3 que el baterista de Callejeros la golpeaba"},"content":{"rendered":"<p style=\"text-align: justify;\"><em><a href=\"http:\/\/www.elsindical.com.ar\/notas\/var\/www\/html\/notas\/wp-content\/uploads\/2010\/02\/Eduardo-y-Wanda-2.jpg\"><img loading=\"lazy\" decoding=\"async\" class=\"alignleft size-full wp-image-4044\" title=\"Eduardo-y-Wanda-2\" src=\"http:\/\/www.elsindical.com.ar\/notas\/var\/www\/html\/notas\/wp-content\/uploads\/2010\/02\/Eduardo-y-Wanda-2.jpg\" alt=\"\" width=\"227\" height=\"182\" \/><\/a>Jorge, quien hac\u00eda cinco a\u00f1os que estaba separado de la joven fallecida, asegur\u00f3 que el m\u00fasico la atacaba delante de sus hijos, de 6 y 8 a\u00f1os. \u00abEra un amor enfermizo\u00bb, sintetiz\u00f3. \u00abPara todo el resto del planeta, ellos eran la pareja ideal, pero todo era un caparaz\u00f3n\u00bb, asegur\u00f3.<\/em><\/p>\n<p style=\"text-align: justify;\">El ex marido de Wanda Taddei revel\u00f3 que el baterista de Callejeros, Eduardo V\u00e1zquez, la golpeaba delante de sus hijos, de 6 y 8 a\u00f1os.<\/p>\n<p>Jorge, quien hac\u00eda cinco a\u00f1os estaba separado de Taddei, asegur\u00f3 que la joven, que falleci\u00f3 como consecuencia de las graves quemaduras que sufri\u00f3 tras una discusi\u00f3n con el m\u00fasico, \u00abera una chica que estaba terriblemente enamorada de \u00e9l, era un amor enfermizo\u00bb.<\/p>\n<p>Adem\u00e1s, sostuvo que \u00abnunca\u00bb pens\u00f3 en que la chica podr\u00eda llegar a tener este tr\u00e1gico final, aunque afirm\u00f3 que en la casa hab\u00eda episodios de mucha violencia, con los ni\u00f1os presentes.<\/p>\n<p>\u00abMe daba cuenta de lo que pasaba por lo poco que me contaba el m\u00e1s grande de los nenes. Ellos ve\u00edan la agresi\u00f3n de Eduardo con la madre, aunque no hubo agresi\u00f3n f\u00edsica con los chicos\u00bb, precis\u00f3 Jorge, que agreg\u00f3 que su relaci\u00f3n con la pareja \u00abse limitaba al momento de ir a buscar a los chicos\u00bb.<\/p>\n<p>\u00abEduardo no med\u00eda consecuencias, inclusive le pegaba a la madre (por Wanda) delante de los nenes. Ella me neg\u00f3 todo y si yo llegaba a meter alg\u00fan bocado no me daba lugar a nada. Para todo el resto del planeta, ellos eran la pareja ideal, la familia Ingalls, pero todo era un caparaz\u00f3n\u00bb, acus\u00f3 en declaraciones que publica un matutino porte\u00f1o.<\/p>\n<p>Por \u00faltimo, asegur\u00f3 que Taddei era una mujer de \u00abbuen coraz\u00f3n e incapaz de hacerle da\u00f1o a alguien\u00bb, al tiempo que anticip\u00f3 que si lo cita la Justicia dir\u00e1 \u00abla verdad\u00bby presentar\u00e1 los papeles con las correspondientes denuncias.<\/p>\n<p>El domingo pasado falleci\u00f3 Wanda, luego de permanecer diez d\u00edas internadas debido a las graves quemaduras que sufri\u00f3 durante una discusi\u00f3n con V\u00e1zquez, en dudosas circunstancias.<\/p>\n","protected":false},"excerpt":{"rendered":"<p>Jorge, quien hac\u00eda cinco a\u00f1os que estaba separado de la joven fallecida, asegur\u00f3 que el m\u00fasico la atacaba delante de sus hijos, de 6 y 8 a\u00f1os. \u00abEra un amor enfermizo\u00bb, sintetiz\u00f3. \u00abPara todo el resto del planeta, ellos eran la pareja ideal, pero todo era un caparaz\u00f3n\u00bb, asegur\u00f3. El ex marido de Wanda Taddei&hellip;<\/p>\n","protected":false},"author":1,"featured_media":0,"comment_status":"open","ping_status":"open","sticky":false,"template":"","format":"standard","meta":{"footnotes":""},"categories":[25],"tags":[1814,1816,41,1815],"class_list":["post-4043","post","type-post","status-publish","format-standard","hentry","category-sociedad","tag-callejeros","tag-eduardo-vazquez","tag-justicia","tag-wanda-taddei"],"_links":{"self":[{"href":"https:\/\/www.elsindical.com.ar\/notas\/wp-json\/wp\/v2\/posts\/4043","targetHints":{"allow":["GET"]}}],"collection":[{"href":"https:\/\/www.elsindical.com.ar\/notas\/wp-json\/wp\/v2\/posts"}],"about":[{"href":"https:\/\/www.elsindical.com.ar\/notas\/wp-json\/wp\/v2\/types\/post"}],"author":[{"embeddable":true,"href":"https:\/\/www.elsindical.com.ar\/notas\/wp-json\/wp\/v2\/users\/1"}],"replies":[{"embeddable":true,"href":"https:\/\/www.elsindical.com.ar\/notas\/wp-json\/wp\/v2\/comments?post=4043"}],"version-history":[{"count":1,"href":"https:\/\/www.elsindical.com.ar\/notas\/wp-json\/wp\/v2\/posts\/4043\/revisions"}],"predecessor-version":[{"id":4045,"href":"https:\/\/www.elsindical.com.ar\/notas\/wp-json\/wp\/v2\/posts\/4043\/revisions\/4045"}],"wp:attachment":[{"href":"https:\/\/www.elsindical.com.ar\/notas\/wp-json\/wp\/v2\/media?parent=4043"}],"wp:term":[{"taxonomy":"category","embeddable":true,"href":"https:\/\/www.elsindical.com.ar\/notas\/wp-json\/wp\/v2\/categories?post=4043"},{"taxonomy":"post_tag","embeddable":true,"href":"https:\/\/www.elsindical.com.ar\/notas\/wp-json\/wp\/v2\/tags?post=4043"}],"curies":[{"name":"wp","href":"https:\/\/api.w.org\/{rel}","templated":true}]}}