{"id":40418,"date":"2014-01-23T16:05:04","date_gmt":"2014-01-23T19:05:04","guid":{"rendered":"http:\/\/www.elsindical.com.ar\/notas\/?p=40418"},"modified":"2014-01-23T16:05:04","modified_gmt":"2014-01-23T19:05:04","slug":"la-feria-de-economia-social-sigue-funcionando-en-la-ciudad","status":"publish","type":"post","link":"https:\/\/www.elsindical.com.ar\/notas\/la-feria-de-economia-social-sigue-funcionando-en-la-ciudad\/","title":{"rendered":"La Feria de Econom\u00eda Social sigue funcionando en la ciudad"},"content":{"rendered":"<p><em><a href=\"http:\/\/www.elsindical.com.ar\/notas\/var\/www\/html\/notas\/wp-content\/uploads\/2014\/01\/feria.jpg\"><img loading=\"lazy\" decoding=\"async\" class=\"alignnone size-medium wp-image-40419\" alt=\"feria\" src=\"http:\/\/www.elsindical.com.ar\/notas\/var\/www\/html\/notas\/wp-content\/uploads\/2014\/01\/feria-300x224.jpg\" width=\"300\" height=\"224\" srcset=\"https:\/\/www.elsindical.com.ar\/notas\/var\/www\/html\/notas\/wp-content\/uploads\/2014\/01\/feria-300x224.jpg 300w, https:\/\/www.elsindical.com.ar\/notas\/var\/www\/html\/notas\/wp-content\/uploads\/2014\/01\/feria-400x300.jpg 400w, https:\/\/www.elsindical.com.ar\/notas\/var\/www\/html\/notas\/wp-content\/uploads\/2014\/01\/feria.jpg 502w\" sizes=\"auto, (max-width: 300px) 100vw, 300px\" \/><\/a>Adem\u00e1s el Municipio brind\u00f3 una capacitaci\u00f3n a los emprendedores del \u00e1rea gastron\u00f3mica que participan de la misma.\u00a0<\/em><\/p>\n<p>La Municipalidad de Avellaneda, a trav\u00e9s de la Subsecretar\u00eda de Econom\u00eda Social, recuerda a los vecinos que la Feria de Emprendedores funciona los s\u00e1bados de 18 a 22 en Av. G\u00fcemes y Lanares.<\/p>\n<p>Con el objetivo de generar oportunidades de comercializaci\u00f3n, promoci\u00f3n e intercambio, en la Feria se encuentra todo tipos de productos a precios accesibles como: carteras, zapatos, art\u00edculos de costura y comestibles.<\/p>\n<p>Por otro lado, los emprendedores del \u00e1rea gastron\u00f3mica que participan de dicha feria formaron parte de una capacitaci\u00f3n a cargo del Municipio que se realiz\u00f3 el mi\u00e9rcoles 22 de enero en el sal\u00f3n Eva Per\u00f3n del Palacio Municipal.<\/p>\n<p>La jornada se bas\u00f3 en la actualizaci\u00f3n de buenas pr\u00e1cticas de manipulaci\u00f3n de los alimentos. Al finalizar, los participantes recibieron \u00a0un certificado avalado por la Secretar\u00eda de Pol\u00edtica Ambiental y Empleo\u00a0y la Subsecretar\u00eda de Fiscalizaci\u00f3n de Medio Ambiente y Bromatolog\u00eda.<\/p>\n","protected":false},"excerpt":{"rendered":"<p>Adem\u00e1s el Municipio brind\u00f3 una capacitaci\u00f3n a los emprendedores del \u00e1rea gastron\u00f3mica que participan de la misma.\u00a0 La Municipalidad de Avellaneda, a trav\u00e9s de la Subsecretar\u00eda de Econom\u00eda Social, recuerda a los vecinos que la Feria de Emprendedores funciona los s\u00e1bados de 18 a 22 en Av. G\u00fcemes y Lanares. Con el objetivo de generar&hellip;<\/p>\n","protected":false},"author":1,"featured_media":0,"comment_status":"open","ping_status":"open","sticky":false,"template":"","format":"standard","meta":{"footnotes":""},"categories":[25],"tags":[461,7659,17974,2508],"class_list":["post-40418","post","type-post","status-publish","format-standard","hentry","category-sociedad","tag-avellaneda","tag-capacitacion-2","tag-feria-de-emprendedores","tag-municipalidad"],"_links":{"self":[{"href":"https:\/\/www.elsindical.com.ar\/notas\/wp-json\/wp\/v2\/posts\/40418","targetHints":{"allow":["GET"]}}],"collection":[{"href":"https:\/\/www.elsindical.com.ar\/notas\/wp-json\/wp\/v2\/posts"}],"about":[{"href":"https:\/\/www.elsindical.com.ar\/notas\/wp-json\/wp\/v2\/types\/post"}],"author":[{"embeddable":true,"href":"https:\/\/www.elsindical.com.ar\/notas\/wp-json\/wp\/v2\/users\/1"}],"replies":[{"embeddable":true,"href":"https:\/\/www.elsindical.com.ar\/notas\/wp-json\/wp\/v2\/comments?post=40418"}],"version-history":[{"count":1,"href":"https:\/\/www.elsindical.com.ar\/notas\/wp-json\/wp\/v2\/posts\/40418\/revisions"}],"predecessor-version":[{"id":40420,"href":"https:\/\/www.elsindical.com.ar\/notas\/wp-json\/wp\/v2\/posts\/40418\/revisions\/40420"}],"wp:attachment":[{"href":"https:\/\/www.elsindical.com.ar\/notas\/wp-json\/wp\/v2\/media?parent=40418"}],"wp:term":[{"taxonomy":"category","embeddable":true,"href":"https:\/\/www.elsindical.com.ar\/notas\/wp-json\/wp\/v2\/categories?post=40418"},{"taxonomy":"post_tag","embeddable":true,"href":"https:\/\/www.elsindical.com.ar\/notas\/wp-json\/wp\/v2\/tags?post=40418"}],"curies":[{"name":"wp","href":"https:\/\/api.w.org\/{rel}","templated":true}]}}