{"id":40414,"date":"2014-01-23T13:40:29","date_gmt":"2014-01-23T16:40:29","guid":{"rendered":"http:\/\/www.elsindical.com.ar\/notas\/?p=40414"},"modified":"2014-01-23T13:40:29","modified_gmt":"2014-01-23T16:40:29","slug":"neuquenamurallan-la-legislatura","status":"publish","type":"post","link":"https:\/\/www.elsindical.com.ar\/notas\/neuquenamurallan-la-legislatura\/","title":{"rendered":"Neuqu\u00e9n:Amurallan la Legislatura"},"content":{"rendered":"<p><em><a href=\"http:\/\/www.elsindical.com.ar\/notas\/var\/www\/html\/notas\/wp-content\/uploads\/2014\/01\/Legislatura-Neuqu\u00e9n.jpg\"><img loading=\"lazy\" decoding=\"async\" class=\"alignnone size-medium wp-image-40416\" alt=\"Legislatura-Neuqu\u00e9n\" src=\"http:\/\/www.elsindical.com.ar\/notas\/var\/www\/html\/notas\/wp-content\/uploads\/2014\/01\/Legislatura-Neuqu\u00e9n-300x168.jpg\" width=\"300\" height=\"168\" srcset=\"https:\/\/www.elsindical.com.ar\/notas\/var\/www\/html\/notas\/wp-content\/uploads\/2014\/01\/Legislatura-Neuqu\u00e9n-300x168.jpg 300w, https:\/\/www.elsindical.com.ar\/notas\/var\/www\/html\/notas\/wp-content\/uploads\/2014\/01\/Legislatura-Neuqu\u00e9n-500x280.jpg 500w, https:\/\/www.elsindical.com.ar\/notas\/var\/www\/html\/notas\/wp-content\/uploads\/2014\/01\/Legislatura-Neuqu\u00e9n.jpg 502w\" sizes=\"auto, (max-width: 300px) 100vw, 300px\" \/><\/a>Las autoridades de la C\u00e1mara aprovechan el receso de la actividad para construir una <b>enorme pared que oculta casi toda la fachada del recinto legislativo<\/b>. Aducen que se trata de un \u00ab<b>cambio de dise\u00f1o<\/b>\u00ab, pero en realidad ser\u00eda para <b>protegerla de futuras protestas<\/b>.<\/em><\/p>\n<p>Los incidentes que se produjeron frente la Legislatura de Neuqu\u00e9n durante el debate por el acuerdo YPF-Chevron -en agosto de 2013- dejaron una huella evidente en el gobierno de Jorge Sapag, que decidi\u00f3 resguardar el frente del palacio legislativo con un muro de ladrillos de tres metros de altura.<\/p>\n<p>La obra, que comenz\u00f3 hace unos d\u00edas y <b>estar\u00e1 finalizada<\/b><b> antes del reinicio de la actividad parlamentaria<\/b> (el 1 de marzo), implica la elevaci\u00f3n de una pared de protecci\u00f3n que ya cubr\u00eda el edificio central.<\/p>\n<p>La raz\u00f3n que impuls\u00f3 el refuerzo de la construcci\u00f3n genera versiones encontradas:<b> las autoridades de la C\u00e1mara<\/b> -difunde el diario <i>La Ma\u00f1ana<\/i> de Neuqu\u00e9n- <b>aseguraron que no tiene relaci\u00f3n con proteger el recinto<\/b> de futuras protestas populares.<\/p>\n<p>La prosecretaria administrativa, <b>Liliana Murisi<\/b>, explic\u00f3 que el proyecto de elevar el muro \u00ab<b>fue para mantener la l\u00ednea arquitect\u00f3nica<\/b>, como tantos trabajos que se hacen permanentemente por una cuesti\u00f3n de dise\u00f1o\u00bb.<\/p>\n<p>Con respecto a las cr\u00edticas porque no se llam\u00f3 a licitaci\u00f3n ni se hizo ning\u00fan anuncio p\u00fablico, la funcionaria lo justific\u00f3 argumentando que<b> el costo del trabajo \u00abes menor\u00bb <\/b>y se financia con <b>fondos de la Legislatura <\/b>que est\u00e1n destinados a diversos arreglos de rutina.<\/p>\n<p>Esta explicaci\u00f3n se contrapone con voces que en <i>off the record <\/i>aseguran que el verdadero motivo de la ampliaci\u00f3n del muro es reforzar la seguridad ante un a\u00f1o que avizoran complicado. Esos testimonios se refuerzan con el dato de que <b>la obra es similar a la muralla que tambi\u00e9n se construir\u00e1 en la Ciudad Judicial<\/b>, con el objetivo de <b>evitar destrozos<\/b> durante las manifestaciones.<\/p>\n<p>El legislador <b>Ra\u00fal Dobrusin<\/b> (Unidad Popular), ironiz\u00f3 sobre el tema al manifestar que ahora \u201c<b>la polic\u00eda podr\u00e1 reprimir aprovechando una posici\u00f3n elevada, como sol\u00edan hacer los soldados medievales en los castillos<\/b>\u00ab. \u00ab<b>Habr\u00eda que ver si tambi\u00e9n se pueden amurallar algunos barrios populares con historial de pobreza. Con la muralla se prolonga una est\u00e9tica nazi<\/b>\u201d, dispar\u00f3.<\/p>\n<p>Lo llamativo es que la legislatura neuquina ya est\u00e1 protegida de diferentes maneras: cuenta con <b>numerosos controles <\/b>para dificultar el acceso; se encuentra <b>a 20 cuadras del centro y el transporte p\u00fablico no llega<\/b>. Evidentemente, todo eso no es suficiente.<\/p>\n","protected":false},"excerpt":{"rendered":"<p>Las autoridades de la C\u00e1mara aprovechan el receso de la actividad para construir una enorme pared que oculta casi toda la fachada del recinto legislativo. Aducen que se trata de un \u00abcambio de dise\u00f1o\u00ab, pero en realidad ser\u00eda para protegerla de futuras protestas. Los incidentes que se produjeron frente la Legislatura de Neuqu\u00e9n durante el&hellip;<\/p>\n","protected":false},"author":1,"featured_media":0,"comment_status":"open","ping_status":"open","sticky":false,"template":"","format":"standard","meta":{"footnotes":""},"categories":[13],"tags":[],"class_list":["post-40414","post","type-post","status-publish","format-standard","hentry","category-politica"],"_links":{"self":[{"href":"https:\/\/www.elsindical.com.ar\/notas\/wp-json\/wp\/v2\/posts\/40414","targetHints":{"allow":["GET"]}}],"collection":[{"href":"https:\/\/www.elsindical.com.ar\/notas\/wp-json\/wp\/v2\/posts"}],"about":[{"href":"https:\/\/www.elsindical.com.ar\/notas\/wp-json\/wp\/v2\/types\/post"}],"author":[{"embeddable":true,"href":"https:\/\/www.elsindical.com.ar\/notas\/wp-json\/wp\/v2\/users\/1"}],"replies":[{"embeddable":true,"href":"https:\/\/www.elsindical.com.ar\/notas\/wp-json\/wp\/v2\/comments?post=40414"}],"version-history":[{"count":2,"href":"https:\/\/www.elsindical.com.ar\/notas\/wp-json\/wp\/v2\/posts\/40414\/revisions"}],"predecessor-version":[{"id":40417,"href":"https:\/\/www.elsindical.com.ar\/notas\/wp-json\/wp\/v2\/posts\/40414\/revisions\/40417"}],"wp:attachment":[{"href":"https:\/\/www.elsindical.com.ar\/notas\/wp-json\/wp\/v2\/media?parent=40414"}],"wp:term":[{"taxonomy":"category","embeddable":true,"href":"https:\/\/www.elsindical.com.ar\/notas\/wp-json\/wp\/v2\/categories?post=40414"},{"taxonomy":"post_tag","embeddable":true,"href":"https:\/\/www.elsindical.com.ar\/notas\/wp-json\/wp\/v2\/tags?post=40414"}],"curies":[{"name":"wp","href":"https:\/\/api.w.org\/{rel}","templated":true}]}}