{"id":40364,"date":"2014-01-21T17:39:50","date_gmt":"2014-01-21T20:39:50","guid":{"rendered":"http:\/\/www.elsindical.com.ar\/notas\/?p=40364"},"modified":"2014-01-21T17:39:50","modified_gmt":"2014-01-21T20:39:50","slug":"morenola-joven-encontrada-asesinada-habria-sido-raptada-y-violada","status":"publish","type":"post","link":"https:\/\/www.elsindical.com.ar\/notas\/morenola-joven-encontrada-asesinada-habria-sido-raptada-y-violada\/","title":{"rendered":"Moreno:La joven encontrada asesinada, habr\u00eda sido raptada y violada"},"content":{"rendered":"<p><em><a href=\"http:\/\/www.elsindical.com.ar\/notas\/var\/www\/html\/notas\/wp-content\/uploads\/2014\/01\/Natalia-asesinada.jpg\"><img loading=\"lazy\" decoding=\"async\" class=\"alignnone size-medium wp-image-40365\" alt=\"Natalia-asesinada\" src=\"http:\/\/www.elsindical.com.ar\/notas\/var\/www\/html\/notas\/wp-content\/uploads\/2014\/01\/Natalia-asesinada-297x300.jpg\" width=\"297\" height=\"300\" srcset=\"https:\/\/www.elsindical.com.ar\/notas\/var\/www\/html\/notas\/wp-content\/uploads\/2014\/01\/Natalia-asesinada-297x300.jpg 297w, https:\/\/www.elsindical.com.ar\/notas\/var\/www\/html\/notas\/wp-content\/uploads\/2014\/01\/Natalia-asesinada.jpg 502w\" sizes=\"auto, (max-width: 297px) 100vw, 297px\" \/><\/a>Una adolescente de 16 a\u00f1os que faltaba de su casa de Bella Vista desde el 9 de enero apareci\u00f3 asesinada en un descampado de Moreno. Estaba en la morgue como NN. Al menos, hay dos personas aprehendidas.<\/em><\/p>\n<p>El cuerpo de <strong>Natalia<\/strong> apareci\u00f3 el 10 de enero \u2013 un d\u00eda despu\u00e9s de la desaparici\u00f3n- y desde esa fecha est\u00e1 en la morgue de Moreno. La familia Rocha se enter\u00f3 este lunes, porque los peritos hab\u00edan identificado al cuerpo como perteneciente a una femenina de 30 a\u00f1os y lo que se buscaba era una menor de 16, inform\u00f3<em>\u00a0Malviticias.<\/em><\/p>\n<p>A Natalia la hab\u00edan visto por \u00faltima vez el jueves 9\u00a0en una parada de colectivo de Bella Vista, en su barrio de San Ambrosio. La hab\u00eda acompa\u00f1ado su novio y la hab\u00eda dejado con una amiga.<\/p>\n<p>Despu\u00e9s de indagar al c\u00edrculo \u00edntimo de la v\u00edctima, el fiscal de la causa hasta entonces,<strong> Pablo Rol\u00f3n<\/strong>, decidi\u00f3 realizar rastrillajes en el partido bonaerense de Moreno. Los operativos dieron negativos y se continu\u00f3 buscando en distintos lugares: Palermo y La Paternal.<\/p>\n<p>Durante el fin de semana, Rol\u00f3n se hizo presente en \u00a0morgue de Moreno y descubri\u00f3 que el cuerpo que llevaba diez d\u00edas sin identificar era el de Natalia. Seg\u00fan trascendi\u00f3, la menor ten\u00eda las manos atadas y habr\u00eda sido abusada.<\/p>\n<p><em>\u201cEstamos destruidos, jam\u00e1s nos hubi\u00e9ramos imaginado este final. \u00a0No sabemos bien c\u00f3mo fue, dicen que la levantaron en un auto y se la llevaron. El cuerpo apareci\u00f3 al otro d\u00eda de no saber de ella, y nosotros la segu\u00edamos buscando hasta ayer\u2026 desesperados<\/em>\u201d, cont\u00f3\u00a0<strong>Vanesa Rocha<\/strong>, t\u00eda de la v\u00edctima.<\/p>\n<p>La causa est\u00e1 ahora en manos de la Fiscal\u00eda 2 de Moreno a cargo de Mariano Navarro, que hasta el momento no brinda ninguna informaci\u00f3n a la prensa. Hasta ayer hab\u00eda dos personas detenidas, una habr\u00eda confesado el crimen.<\/p>\n","protected":false},"excerpt":{"rendered":"<p>Una adolescente de 16 a\u00f1os que faltaba de su casa de Bella Vista desde el 9 de enero apareci\u00f3 asesinada en un descampado de Moreno. Estaba en la morgue como NN. Al menos, hay dos personas aprehendidas. El cuerpo de Natalia apareci\u00f3 el 10 de enero \u2013 un d\u00eda despu\u00e9s de la desaparici\u00f3n- y desde&hellip;<\/p>\n","protected":false},"author":1,"featured_media":0,"comment_status":"open","ping_status":"open","sticky":false,"template":"","format":"standard","meta":{"footnotes":""},"categories":[22],"tags":[1048,1232,993,30,17962,644],"class_list":["post-40364","post","type-post","status-publish","format-standard","hentry","category-policiales","tag-asesinada","tag-moreno","tag-natalia","tag-policia","tag-raptada","tag-violada"],"_links":{"self":[{"href":"https:\/\/www.elsindical.com.ar\/notas\/wp-json\/wp\/v2\/posts\/40364","targetHints":{"allow":["GET"]}}],"collection":[{"href":"https:\/\/www.elsindical.com.ar\/notas\/wp-json\/wp\/v2\/posts"}],"about":[{"href":"https:\/\/www.elsindical.com.ar\/notas\/wp-json\/wp\/v2\/types\/post"}],"author":[{"embeddable":true,"href":"https:\/\/www.elsindical.com.ar\/notas\/wp-json\/wp\/v2\/users\/1"}],"replies":[{"embeddable":true,"href":"https:\/\/www.elsindical.com.ar\/notas\/wp-json\/wp\/v2\/comments?post=40364"}],"version-history":[{"count":1,"href":"https:\/\/www.elsindical.com.ar\/notas\/wp-json\/wp\/v2\/posts\/40364\/revisions"}],"predecessor-version":[{"id":40366,"href":"https:\/\/www.elsindical.com.ar\/notas\/wp-json\/wp\/v2\/posts\/40364\/revisions\/40366"}],"wp:attachment":[{"href":"https:\/\/www.elsindical.com.ar\/notas\/wp-json\/wp\/v2\/media?parent=40364"}],"wp:term":[{"taxonomy":"category","embeddable":true,"href":"https:\/\/www.elsindical.com.ar\/notas\/wp-json\/wp\/v2\/categories?post=40364"},{"taxonomy":"post_tag","embeddable":true,"href":"https:\/\/www.elsindical.com.ar\/notas\/wp-json\/wp\/v2\/tags?post=40364"}],"curies":[{"name":"wp","href":"https:\/\/api.w.org\/{rel}","templated":true}]}}