{"id":40336,"date":"2014-01-19T01:47:58","date_gmt":"2014-01-19T04:47:58","guid":{"rendered":"http:\/\/www.elsindical.com.ar\/notas\/?p=40336"},"modified":"2014-01-19T01:47:58","modified_gmt":"2014-01-19T04:47:58","slug":"parque-chacabucohallan-mujer-degollada-en-un-contenedor-de-basura","status":"publish","type":"post","link":"https:\/\/www.elsindical.com.ar\/notas\/parque-chacabucohallan-mujer-degollada-en-un-contenedor-de-basura\/","title":{"rendered":"Parque Chacabuco:Hallan mujer degollada en un contenedor de basura"},"content":{"rendered":"<p><em><a href=\"http:\/\/www.elsindical.com.ar\/notas\/var\/www\/html\/notas\/wp-content\/uploads\/2014\/01\/lugar-mujer-degollada.jpg\"><img loading=\"lazy\" decoding=\"async\" class=\"alignnone size-medium wp-image-40337\" alt=\"lugar-mujer-degollada\" src=\"http:\/\/www.elsindical.com.ar\/notas\/var\/www\/html\/notas\/wp-content\/uploads\/2014\/01\/lugar-mujer-degollada-300x170.jpg\" width=\"300\" height=\"170\" srcset=\"https:\/\/www.elsindical.com.ar\/notas\/var\/www\/html\/notas\/wp-content\/uploads\/2014\/01\/lugar-mujer-degollada-300x170.jpg 300w, https:\/\/www.elsindical.com.ar\/notas\/var\/www\/html\/notas\/wp-content\/uploads\/2014\/01\/lugar-mujer-degollada-500x283.jpg 500w, https:\/\/www.elsindical.com.ar\/notas\/var\/www\/html\/notas\/wp-content\/uploads\/2014\/01\/lugar-mujer-degollada.jpg 502w\" sizes=\"auto, (max-width: 300px) 100vw, 300px\" \/><\/a>En un principio los vecinos de Saraza al 1600, en el barrio porte\u00f1o de Parque Chacabuco, creyeron que el cuerpo correspond\u00eda a un ni\u00f1o, pero despu\u00e9s la polic\u00eda constat\u00f3 que el cad\u00e1ver era de sexo femenino.<\/em><\/p>\n<p>Los vecinos de la calle Saraza, en el barrio porte\u00f1o de\u00a0 Parque Chacabuco, est\u00e1n acostumbrados a los robos de motochorros y se cuidan de\u00a0 los asaltos en sus hogares, sin embargo ayer al mediod\u00eda quedaron conmocionados\u00a0 cuando un cartonero revolvi\u00f3 el contenido de un contenedor de basura y encontr\u00f3,\u00a0 dentro de una bolsa de residuos, el cad\u00e1ver degollado de una mujer.<\/p>\n<p><b>Seg\u00fan indicaron los vecinos, alrededor de las 11:30 del\u00a0 mediod\u00eda<\/b>, un hombre dedicado al cartoneo por la zona de la calle Saraza al 1600\u00a0 abri\u00f3 un contenedor ubicado sobre la cinta asf\u00e1ltica junto al cord\u00f3n y fue\u00a0 protagonista del macabro hallazgo.<\/p>\n<p><b>\u00abEsta persona estaba buscando cosas para llevarse. Es un\u00a0 hombre que se dedica habitualmente a eso, lo conocemos desde hace tiempo. La\u00a0 cuesti\u00f3n es que un momento abri\u00f3 una bolsa de residuos y encontr\u00f3 un cad\u00e1ver\u00bb<\/b>,\u00a0 cont\u00f3 un vecino.<\/p>\n<p>La \u00abnoticia\u00bb recorri\u00f3 el barrio en pocos minutos y al cabo\u00a0 de un rato se hizo presente el primer m\u00f3vil policial, tras un <b>llamado al 911.\u00a0 <\/b>\u00abLos polic\u00edas chequearon que efectivamente se trataba de un cuerpo. Entonces se\u00a0 comunicaron con la central y ah\u00ed empezaron a llegar m\u00e1s polic\u00edas y peritos. Por\u00a0 lo que sabemos, primero se pens\u00f3 en el cuerpo de un ni\u00f1o, pero luego se comprob\u00f3\u00a0 que se trataba de una mujer de unos 40 a\u00f1os\u00bb, se\u00f1al\u00f3 el vecino.<\/p>\n<p>Fuentes policiales mantuvieron alrededor del hallazgo un\u00a0 misterioso hermetismo. \u00abA\u00fan no sabemos nada sobre la identidad de la v\u00edctima.\u00a0 Estamos esperando resultados de pericias.<b> Pero quedaron a cargo de Gendarmer\u00eda\u00bb,<\/b>\u00a0 dijo una fuente de la Polic\u00eda Federal.<\/p>\n<p>Desde el Ministerio de Seguridad, en tanto, se manifest\u00f3 que\u00a0 \u00ablos restos hallados en el contenedor podr\u00edan pertenecer a una persona\u00a0 indigente, pero la investigaci\u00f3n reci\u00e9n comienza\u00bb.<\/p>\n<p>El vecino consultado afirm\u00f3, en tanto, que \u00ab<b>en la zona se\u00a0 vienen dando casos con motochorros y otros robos en casas, pero esto de\u00a0 encontrar un cuerpo en un contenedor es la primera vez que ocurre, estamos todos\u00a0 muy conmocionados\u00bb.<\/b><\/p>\n<p>Las pericias preliminares que se realizaron en el lugar del\u00a0 hallazgo permitieron saber que el cuerpo presentaba un corte en la zona del\u00a0 cuello, presumiblemente realizado con un arma blanca. Se sospecha que el asesino\u00a0 introdujo los restos en una bolsa a la cual deposit\u00f3 en la madrugada de ayer en\u00a0 el interior del contenedor<\/p>\n","protected":false},"excerpt":{"rendered":"<p>En un principio los vecinos de Saraza al 1600, en el barrio porte\u00f1o de Parque Chacabuco, creyeron que el cuerpo correspond\u00eda a un ni\u00f1o, pero despu\u00e9s la polic\u00eda constat\u00f3 que el cad\u00e1ver era de sexo femenino. Los vecinos de la calle Saraza, en el barrio porte\u00f1o de\u00a0 Parque Chacabuco, est\u00e1n acostumbrados a los robos de&hellip;<\/p>\n","protected":false},"author":1,"featured_media":0,"comment_status":"open","ping_status":"open","sticky":false,"template":"","format":"standard","meta":{"footnotes":""},"categories":[22],"tags":[16397,13498,235,687,958],"class_list":["post-40336","post","type-post","status-publish","format-standard","hentry","category-policiales","tag-contenedor","tag-degollada","tag-mujer","tag-parque-chacabuco","tag-policia-federal"],"_links":{"self":[{"href":"https:\/\/www.elsindical.com.ar\/notas\/wp-json\/wp\/v2\/posts\/40336","targetHints":{"allow":["GET"]}}],"collection":[{"href":"https:\/\/www.elsindical.com.ar\/notas\/wp-json\/wp\/v2\/posts"}],"about":[{"href":"https:\/\/www.elsindical.com.ar\/notas\/wp-json\/wp\/v2\/types\/post"}],"author":[{"embeddable":true,"href":"https:\/\/www.elsindical.com.ar\/notas\/wp-json\/wp\/v2\/users\/1"}],"replies":[{"embeddable":true,"href":"https:\/\/www.elsindical.com.ar\/notas\/wp-json\/wp\/v2\/comments?post=40336"}],"version-history":[{"count":1,"href":"https:\/\/www.elsindical.com.ar\/notas\/wp-json\/wp\/v2\/posts\/40336\/revisions"}],"predecessor-version":[{"id":40338,"href":"https:\/\/www.elsindical.com.ar\/notas\/wp-json\/wp\/v2\/posts\/40336\/revisions\/40338"}],"wp:attachment":[{"href":"https:\/\/www.elsindical.com.ar\/notas\/wp-json\/wp\/v2\/media?parent=40336"}],"wp:term":[{"taxonomy":"category","embeddable":true,"href":"https:\/\/www.elsindical.com.ar\/notas\/wp-json\/wp\/v2\/categories?post=40336"},{"taxonomy":"post_tag","embeddable":true,"href":"https:\/\/www.elsindical.com.ar\/notas\/wp-json\/wp\/v2\/tags?post=40336"}],"curies":[{"name":"wp","href":"https:\/\/api.w.org\/{rel}","templated":true}]}}