{"id":40287,"date":"2014-01-17T00:49:34","date_gmt":"2014-01-17T03:49:34","guid":{"rendered":"http:\/\/www.elsindical.com.ar\/notas\/?p=40287"},"modified":"2014-01-17T00:49:34","modified_gmt":"2014-01-17T03:49:34","slug":"para-el-concejal-leiva-hay-una-concreta-inaptitud-por-parte-del-estado-comunal","status":"publish","type":"post","link":"https:\/\/www.elsindical.com.ar\/notas\/para-el-concejal-leiva-hay-una-concreta-inaptitud-por-parte-del-estado-comunal\/","title":{"rendered":"Para el concejal Leiva hay una \u00abconcreta inaptitud por parte del Estado comunal\u00bb"},"content":{"rendered":"<p><em><a href=\"http:\/\/www.elsindical.com.ar\/notas\/var\/www\/html\/notas\/wp-content\/uploads\/2014\/01\/Ram\u00f3n-Leiva.jpg\"><img loading=\"lazy\" decoding=\"async\" class=\"alignnone size-medium wp-image-40288\" alt=\"Ram\u00f3n-Leiva\" src=\"http:\/\/www.elsindical.com.ar\/notas\/var\/www\/html\/notas\/wp-content\/uploads\/2014\/01\/Ram\u00f3n-Leiva-300x219.jpg\" width=\"300\" height=\"219\" srcset=\"https:\/\/www.elsindical.com.ar\/notas\/var\/www\/html\/notas\/wp-content\/uploads\/2014\/01\/Ram\u00f3n-Leiva-300x219.jpg 300w, https:\/\/www.elsindical.com.ar\/notas\/var\/www\/html\/notas\/wp-content\/uploads\/2014\/01\/Ram\u00f3n-Leiva-410x300.jpg 410w, https:\/\/www.elsindical.com.ar\/notas\/var\/www\/html\/notas\/wp-content\/uploads\/2014\/01\/Ram\u00f3n-Leiva.jpg 443w\" sizes=\"auto, (max-width: 300px) 100vw, 300px\" \/><\/a>El concejal massista en Avellaneda carg\u00f3 contra la conducci\u00f3n del intendente Jorge Ferraresi al se\u00f1alar que \u201chay una concreta inaptitud por parte del Estado comunal\u201d, ante problemas como la inseguridad y los cortes de luz. Adem\u00e1s, volvi\u00f3 a pedir que se realice la sesi\u00f3n extraordinaria convocada por su espacio para tratar cuestiones vinculadas con los cortes.<\/em><\/p>\n<p>El concejal por el Frente Renovador en Avellaneda Ram\u00f3n Leiva renov\u00f3 cr\u00edticas a la gesti\u00f3n que lidera el intendente Jorge Ferraresi al se\u00f1alar que \u201chay una concreta inaptitud por parte del Estado comunal\u201d ante determinadas problem\u00e1tica como la \u201cinseguridad y los cortes de luz\u201d.<\/p>\n<p>\u201cHay necesidades comunes que estamos padeciendo todos y que no tiene banderas pol\u00edticas. Nuestra intenci\u00f3n siempre fue sumar sobre los problemas que les interesa a la gente y la verdad es que hay una concreta inaptitud del Estado comunal ante cuestiones muy importantes\u201d, critic\u00f3 el edil massista.<\/p>\n<p>En este sentido, enfatiz\u00f3 que en problem\u00e1ticas como \u201cel control sobre las empresas de servicio el\u00e9ctrico\u201d, como as\u00ed tambi\u00e9n todo lo que eso gener\u00f3 junto con la \u201cinseguridad\u201d, son ejes en los que el desempe\u00f1o del Ejecutivo comunal \u201cest\u00e1 dejando mucho que desear\u201d.<\/p>\n<p>\u201cLa inseguridad dej\u00f3 de ser un supuesta sensaci\u00f3n, para ser una realidad muy marcada. En estos d\u00edas murieron dos personas, un vecino y un gendarme, dentro del distrito, y que Avellaneda sea tapa de los diarios por eso, es algo que no le hace bien a nadie. Los problemas nos desbordan y no est\u00e1n haciendo nada al respecto\u201d, complet\u00f3.<\/p>\n<p>Por otra parte, se refiri\u00f3 acerca de la \u201cincertidumbre\u201d luego de que hayan \u201cconseguido las firmas necesarias para elevar el pedido de una sesi\u00f3n extraordinaria\u201d al Concejo Deliberante, dedicada a los cortes de luz, ya que hasta el momento \u201cno tienen novedades ni fechas\u201d.<\/p>\n<p>\u201cNosotros a trav\u00e9s de la presentaci\u00f3n del pedido de sesi\u00f3n por los reiterados cortes de luz, demostramos una intenci\u00f3n clara y concreta: acompa\u00f1ar al vecino. Por eso, estamos abiertos a que todos los que piensen lo mismo, nos acompa\u00f1en, independientemente del partido pol\u00edtico que formen parte\u201d, recalc\u00f3.<\/p>\n<p>Seg\u00fan explic\u00f3, el pedido tiene que ver con controlar \u201cc\u00f3mo se est\u00e1 desempe\u00f1ando la Secretar\u00eda de Desarrollo Social\u201d, conocer a \u201cqui\u00e9n se est\u00e1 asistiendo y c\u00f3mo\u201d y de qu\u00e9 manera se \u201corganizan las distintas comisar\u00edas ante esta situaci\u00f3n\u201d.<\/p>\n<p>No obstante, Leiva lament\u00f3 que \u201cpareciera\u201d que todo lo que venga del Frente Renovador, est\u00e1 destinado a no ser \u201ctenido en cuenta por parte del oficialismo\u201d.<\/p>\n<p>Pese a que desde el massismo aseguran que la convocatoria a extraordinaria cuenta con las ocho firmas necesarias, desde el Frente para la Victoria insisten en que no es as\u00ed y ayer lo manifestaron a trav\u00e9s de un comunicado: \u201cLos concejales que dicen haber pedido una sesi\u00f3n extraordinaria, no lo hicieron, ya que presentaron por mesa de entradas una nota sin las firmas correspondientes, tal como la misma ley que citan requiere para realizar el pedido de una sesi\u00f3n extraordinaria\u00bb.<\/p>\n<p>Asimismo, desde el kirchnerismo remarcaron que no son \u201cindiferentes\u201d ante la problem\u00e1tica, como se los ha acusado. \u201cMuchos, m\u00e1s que preocuparse por la soluci\u00f3n de los problemas parecen que disfrutan de ellos, cuando todos, desde el\u00a0 primero al \u00faltimo de los vecinos somos v\u00edctimas de estas p\u00e9simas gestiones de estas empresas el\u00e9ctricas. Por eso, seguiremos insistiendo en su traspaso a la gesti\u00f3n estatal\u201d, subrayaron.<\/p>\n","protected":false},"excerpt":{"rendered":"<p>El concejal massista en Avellaneda carg\u00f3 contra la conducci\u00f3n del intendente Jorge Ferraresi al se\u00f1alar que \u201chay una concreta inaptitud por parte del Estado comunal\u201d, ante problemas como la inseguridad y los cortes de luz. Adem\u00e1s, volvi\u00f3 a pedir que se realice la sesi\u00f3n extraordinaria convocada por su espacio para tratar cuestiones vinculadas con los&hellip;<\/p>\n","protected":false},"author":1,"featured_media":0,"comment_status":"open","ping_status":"open","sticky":false,"template":"","format":"standard","meta":{"footnotes":""},"categories":[13],"tags":[461,1062,11848],"class_list":["post-40287","post","type-post","status-publish","format-standard","hentry","category-politica","tag-avellaneda","tag-jorge-ferraresi","tag-ramon-leiva"],"_links":{"self":[{"href":"https:\/\/www.elsindical.com.ar\/notas\/wp-json\/wp\/v2\/posts\/40287","targetHints":{"allow":["GET"]}}],"collection":[{"href":"https:\/\/www.elsindical.com.ar\/notas\/wp-json\/wp\/v2\/posts"}],"about":[{"href":"https:\/\/www.elsindical.com.ar\/notas\/wp-json\/wp\/v2\/types\/post"}],"author":[{"embeddable":true,"href":"https:\/\/www.elsindical.com.ar\/notas\/wp-json\/wp\/v2\/users\/1"}],"replies":[{"embeddable":true,"href":"https:\/\/www.elsindical.com.ar\/notas\/wp-json\/wp\/v2\/comments?post=40287"}],"version-history":[{"count":1,"href":"https:\/\/www.elsindical.com.ar\/notas\/wp-json\/wp\/v2\/posts\/40287\/revisions"}],"predecessor-version":[{"id":40289,"href":"https:\/\/www.elsindical.com.ar\/notas\/wp-json\/wp\/v2\/posts\/40287\/revisions\/40289"}],"wp:attachment":[{"href":"https:\/\/www.elsindical.com.ar\/notas\/wp-json\/wp\/v2\/media?parent=40287"}],"wp:term":[{"taxonomy":"category","embeddable":true,"href":"https:\/\/www.elsindical.com.ar\/notas\/wp-json\/wp\/v2\/categories?post=40287"},{"taxonomy":"post_tag","embeddable":true,"href":"https:\/\/www.elsindical.com.ar\/notas\/wp-json\/wp\/v2\/tags?post=40287"}],"curies":[{"name":"wp","href":"https:\/\/api.w.org\/{rel}","templated":true}]}}