{"id":40264,"date":"2014-01-16T15:14:24","date_gmt":"2014-01-16T18:14:24","guid":{"rendered":"http:\/\/www.elsindical.com.ar\/notas\/?p=40264"},"modified":"2014-01-16T15:14:24","modified_gmt":"2014-01-16T18:14:24","slug":"alerta-por-fuertes-olores","status":"publish","type":"post","link":"https:\/\/www.elsindical.com.ar\/notas\/alerta-por-fuertes-olores\/","title":{"rendered":"Alerta por fuertes olores"},"content":{"rendered":"<p><a href=\"http:\/\/www.elsindical.com.ar\/notas\/var\/www\/html\/notas\/wp-content\/uploads\/2014\/01\/arroyo-Santo-Domingo.jpg\"><img loading=\"lazy\" decoding=\"async\" class=\"alignnone size-medium wp-image-40265\" alt=\"arroyo-Santo-Domingo\" src=\"http:\/\/www.elsindical.com.ar\/notas\/var\/www\/html\/notas\/wp-content\/uploads\/2014\/01\/arroyo-Santo-Domingo-300x200.jpg\" width=\"300\" height=\"200\" srcset=\"https:\/\/www.elsindical.com.ar\/notas\/var\/www\/html\/notas\/wp-content\/uploads\/2014\/01\/arroyo-Santo-Domingo-300x200.jpg 300w, https:\/\/www.elsindical.com.ar\/notas\/var\/www\/html\/notas\/wp-content\/uploads\/2014\/01\/arroyo-Santo-Domingo-448x300.jpg 448w, https:\/\/www.elsindical.com.ar\/notas\/var\/www\/html\/notas\/wp-content\/uploads\/2014\/01\/arroyo-Santo-Domingo.jpg 502w\" sizes=\"auto, (max-width: 300px) 100vw, 300px\" \/><\/a>Se informa a la poblaci\u00f3n acerca de las causas y prevenciones a tener frente a esta situaci\u00f3n. Ante la persistente presencia de fuertes olores en distintos barrios de la ciudad, la Direcci\u00f3n de Defensa Civil de la Municipalidad de Avellaneda informa a los vecinos que, si bien esto puede provocar leve irritaci\u00f3n y ardor en ojos o garganta, el mismo no es explosivo ni inflamable.<\/p>\n<p>Cabe destacar que la zona afectada es en las inmediaciones de la cuenca pluvial del arroyo Santo Domingo, por lo cual los barrios donde la presencia de los olores se hace m\u00e1s notoria son Villa Dom\u00ednico y Wilde.<\/p>\n<p>Desde el d\u00eda de ayer, las autoridades y los equipos de Defensa Civil de los distritos de Avellaneda, Lan\u00fas y Lomas de Zamora se encuentran trabajando en conjunto para detectar el origen de estas emanaciones, determin\u00e1ndose que la procedencia no est\u00e1 en dichas localidades, por lo cual se dio intervenci\u00f3n al \u00e1rea de Delitos Ambientales de la Provincia de Buenos Aires para que investigue en el resto de la cuenca del arroyo.<\/p>\n<p>Finalmente, se brinda a los vecinos las siguientes recomendaciones para prevenir afecciones:<\/p>\n<p>\u2022En la calle, alejarse o no permanecer cerca de las bocas de tormenta.<\/p>\n<p>\u2022En las casas, si el olor ingresa por los desag\u00fces de ba\u00f1os y cocinas se sugiere dejar correr el agua para eliminarlos.<\/p>\n<p>Ante cualquier consulta, Defensa Civil ha puesto a disposici\u00f3n de los vecinos una l\u00ednea gratuita, durante las 24 hs:<strong> 0800-333-3218<\/strong><\/p>\n","protected":false},"excerpt":{"rendered":"<p>Se informa a la poblaci\u00f3n acerca de las causas y prevenciones a tener frente a esta situaci\u00f3n. Ante la persistente presencia de fuertes olores en distintos barrios de la ciudad, la Direcci\u00f3n de Defensa Civil de la Municipalidad de Avellaneda informa a los vecinos que, si bien esto puede provocar leve irritaci\u00f3n y ardor en&hellip;<\/p>\n","protected":false},"author":1,"featured_media":0,"comment_status":"open","ping_status":"open","sticky":false,"template":"","format":"standard","meta":{"footnotes":""},"categories":[25],"tags":[17936,461,14884,17937,209,744,2372,882],"class_list":["post-40264","post","type-post","status-publish","format-standard","hentry","category-sociedad","tag-arroyo-santo-domingo","tag-avellaneda","tag-defensa-civil","tag-delitos-ambientales-provincia-de-buenos-aires","tag-lanus","tag-lomas-de-zamora","tag-villa-dominico","tag-wilde"],"_links":{"self":[{"href":"https:\/\/www.elsindical.com.ar\/notas\/wp-json\/wp\/v2\/posts\/40264","targetHints":{"allow":["GET"]}}],"collection":[{"href":"https:\/\/www.elsindical.com.ar\/notas\/wp-json\/wp\/v2\/posts"}],"about":[{"href":"https:\/\/www.elsindical.com.ar\/notas\/wp-json\/wp\/v2\/types\/post"}],"author":[{"embeddable":true,"href":"https:\/\/www.elsindical.com.ar\/notas\/wp-json\/wp\/v2\/users\/1"}],"replies":[{"embeddable":true,"href":"https:\/\/www.elsindical.com.ar\/notas\/wp-json\/wp\/v2\/comments?post=40264"}],"version-history":[{"count":1,"href":"https:\/\/www.elsindical.com.ar\/notas\/wp-json\/wp\/v2\/posts\/40264\/revisions"}],"predecessor-version":[{"id":40266,"href":"https:\/\/www.elsindical.com.ar\/notas\/wp-json\/wp\/v2\/posts\/40264\/revisions\/40266"}],"wp:attachment":[{"href":"https:\/\/www.elsindical.com.ar\/notas\/wp-json\/wp\/v2\/media?parent=40264"}],"wp:term":[{"taxonomy":"category","embeddable":true,"href":"https:\/\/www.elsindical.com.ar\/notas\/wp-json\/wp\/v2\/categories?post=40264"},{"taxonomy":"post_tag","embeddable":true,"href":"https:\/\/www.elsindical.com.ar\/notas\/wp-json\/wp\/v2\/tags?post=40264"}],"curies":[{"name":"wp","href":"https:\/\/api.w.org\/{rel}","templated":true}]}}