{"id":40241,"date":"2014-01-15T20:04:33","date_gmt":"2014-01-15T23:04:33","guid":{"rendered":"http:\/\/www.elsindical.com.ar\/notas\/?p=40241"},"modified":"2014-01-15T20:04:33","modified_gmt":"2014-01-15T23:04:33","slug":"lomas-de-zamoraacribillan-a-un-joven-en-un-ajuste-de-cuentas","status":"publish","type":"post","link":"https:\/\/www.elsindical.com.ar\/notas\/lomas-de-zamoraacribillan-a-un-joven-en-un-ajuste-de-cuentas\/","title":{"rendered":"Lomas de Zamora:Acribillan a un joven en un ajuste de cuentas"},"content":{"rendered":"<p><em><a href=\"http:\/\/www.elsindical.com.ar\/notas\/var\/www\/html\/notas\/wp-content\/uploads\/2011\/09\/disparos-malandra.jpg\"><img loading=\"lazy\" decoding=\"async\" class=\"alignnone size-medium wp-image-17068\" alt=\"disparos-malandra\" src=\"http:\/\/www.elsindical.com.ar\/notas\/var\/www\/html\/notas\/wp-content\/uploads\/2011\/09\/disparos-malandra-300x210.jpg\" width=\"300\" height=\"210\" srcset=\"https:\/\/www.elsindical.com.ar\/notas\/var\/www\/html\/notas\/wp-content\/uploads\/2011\/09\/disparos-malandra-300x210.jpg 300w, https:\/\/www.elsindical.com.ar\/notas\/var\/www\/html\/notas\/wp-content\/uploads\/2011\/09\/disparos-malandra.jpg 325w\" sizes=\"auto, (max-width: 300px) 100vw, 300px\" \/><\/a>\u00a0Un joven fue asesinado a tiros en la localidad bonaerense de San Jos\u00e9. Las autoridades creen que se trat\u00f3 de un enfrentamiento entre dos bandas rivales. Los pr\u00f3fugos podr\u00edan estar escondidos en una villa de emergencia que limita con el partido de Quilmes.<\/em><\/p>\n<p>Un joven fue salvajemente asesinado a balazos y las autoridades sospechan que el crimen habr\u00eda sido perpetrado en una violenta disputa que mantuvieron los integrantes de dos grupos rivales.<\/p>\n<p>El tremendo suceso se registr\u00f3 en la localidad bonaerense de San Jos\u00e9, en el partido de Lomas de Zamora, y ahora los autores del il\u00edcito son buscados de manera intensa por los pesquisas policiales.<\/p>\n<p>Los voceros revelaron que la infortunada v\u00edctima, identificada como <b>Ren\u00e9 Mart\u00edn<\/b>, fue alcanzada por los disparos en el cruce de Costa Rica y Las Casuarinas, a pocos metros del denominado arroyo De las Piedras, en el sur del conurbano provincial.<\/p>\n<p>El terrible incidente es investigado por los servidores p\u00fablicos destinados en la comisar\u00eda de San Jos\u00e9 (6a de Lomas de Zamora), quienes tratan de localizar a los responsables del crimen, que aparentemente podr\u00edan estar refugiados en alg\u00fan asentamiento de emergencia, situado en las proximidades del l\u00edmite entre el citado distrito y la localidad de bonaerense de Bernal, en el partido de Quilmes.<\/p>\n<p>Intervinieron en esta causa, que fue caratulada \u00abHomicidio\u00bb, los funcionarios pertenecientes al departamento judicial de Lomas de Zamora.<\/p>\n","protected":false},"excerpt":{"rendered":"<p>\u00a0Un joven fue asesinado a tiros en la localidad bonaerense de San Jos\u00e9. Las autoridades creen que se trat\u00f3 de un enfrentamiento entre dos bandas rivales. Los pr\u00f3fugos podr\u00edan estar escondidos en una villa de emergencia que limita con el partido de Quilmes. Un joven fue salvajemente asesinado a balazos y las autoridades sospechan que&hellip;<\/p>\n","protected":false},"author":1,"featured_media":0,"comment_status":"open","ping_status":"open","sticky":false,"template":"","format":"standard","meta":{"footnotes":""},"categories":[22],"tags":[786,744,17921,1904],"class_list":["post-40241","post","type-post","status-publish","format-standard","hentry","category-policiales","tag-balazos","tag-lomas-de-zamora","tag-rene-martin","tag-san-jose"],"_links":{"self":[{"href":"https:\/\/www.elsindical.com.ar\/notas\/wp-json\/wp\/v2\/posts\/40241","targetHints":{"allow":["GET"]}}],"collection":[{"href":"https:\/\/www.elsindical.com.ar\/notas\/wp-json\/wp\/v2\/posts"}],"about":[{"href":"https:\/\/www.elsindical.com.ar\/notas\/wp-json\/wp\/v2\/types\/post"}],"author":[{"embeddable":true,"href":"https:\/\/www.elsindical.com.ar\/notas\/wp-json\/wp\/v2\/users\/1"}],"replies":[{"embeddable":true,"href":"https:\/\/www.elsindical.com.ar\/notas\/wp-json\/wp\/v2\/comments?post=40241"}],"version-history":[{"count":1,"href":"https:\/\/www.elsindical.com.ar\/notas\/wp-json\/wp\/v2\/posts\/40241\/revisions"}],"predecessor-version":[{"id":40242,"href":"https:\/\/www.elsindical.com.ar\/notas\/wp-json\/wp\/v2\/posts\/40241\/revisions\/40242"}],"wp:attachment":[{"href":"https:\/\/www.elsindical.com.ar\/notas\/wp-json\/wp\/v2\/media?parent=40241"}],"wp:term":[{"taxonomy":"category","embeddable":true,"href":"https:\/\/www.elsindical.com.ar\/notas\/wp-json\/wp\/v2\/categories?post=40241"},{"taxonomy":"post_tag","embeddable":true,"href":"https:\/\/www.elsindical.com.ar\/notas\/wp-json\/wp\/v2\/tags?post=40241"}],"curies":[{"name":"wp","href":"https:\/\/api.w.org\/{rel}","templated":true}]}}