{"id":40206,"date":"2014-01-14T01:32:41","date_gmt":"2014-01-14T04:32:41","guid":{"rendered":"http:\/\/www.elsindical.com.ar\/notas\/?p=40206"},"modified":"2014-01-14T01:32:41","modified_gmt":"2014-01-14T04:32:41","slug":"belgranodetienen-a-narco-profugo-en-el-departamento-de-monica-farro","status":"publish","type":"post","link":"https:\/\/www.elsindical.com.ar\/notas\/belgranodetienen-a-narco-profugo-en-el-departamento-de-monica-farro\/","title":{"rendered":"Belgrano:Detienen a narco pr\u00f3fugo en el departamento de M\u00f3nica Farro"},"content":{"rendered":"<p><em><a href=\"http:\/\/www.elsindical.com.ar\/notas\/var\/www\/html\/notas\/wp-content\/uploads\/2014\/01\/Suris-y-Farro.jpg\"><img loading=\"lazy\" decoding=\"async\" class=\"alignnone size-medium wp-image-40207\" alt=\"Suris-y-Farro\" src=\"http:\/\/www.elsindical.com.ar\/notas\/var\/www\/html\/notas\/wp-content\/uploads\/2014\/01\/Suris-y-Farro-300x167.jpg\" width=\"300\" height=\"167\" srcset=\"https:\/\/www.elsindical.com.ar\/notas\/var\/www\/html\/notas\/wp-content\/uploads\/2014\/01\/Suris-y-Farro-300x167.jpg 300w, https:\/\/www.elsindical.com.ar\/notas\/var\/www\/html\/notas\/wp-content\/uploads\/2014\/01\/Suris-y-Farro-500x278.jpg 500w, https:\/\/www.elsindical.com.ar\/notas\/var\/www\/html\/notas\/wp-content\/uploads\/2014\/01\/Suris-y-Farro.jpg 502w\" sizes=\"auto, (max-width: 300px) 100vw, 300px\" \/><\/a>Finalmente\u00a0cay\u00f3 el capo narco Juan Suris. Lo atrap\u00f3 la Polic\u00eda de Seguridad Aeroportuaria, esta tarde cerca de las 18:00 hs., en el barrio de Belgrano de\u00a0Capital Federal cuando sal\u00eda del departamento de la vedette uruguaya M\u00f3nica Farro ubicado en la Avenida Cabildo.<\/em><\/p>\n<p>Suris, con barba candado y gorra deportiva, minti\u00f3 frente a los investigadores al momento de la detenci\u00f3n. \u00abDi\u00f3 un nombre falso\u00bb.<\/p>\n<p>Ahora el sujeto qued\u00f3\u00a0incomunicado y ser\u00e1 trasladado a Bah\u00eda Blanca en las pr\u00f3ximas 48 horas.<\/p>\n<p>Por otro lado, la Justicia bahiense analiza la situaci\u00f3n de Farro y esta noche era \u00abaltamente probable\u00bb que sea convocada a declarar por el delito de\u00a0encubrimiento. \u00abSuris se escond\u00eda en la casa de la vedette. Durante el allanamiento en el domicilio se encontr\u00f3 ropa del pr\u00f3fugo\u00bb, afirmaron.\u00a0La medi\u00e1tica expres\u00f3, en reiteradas ocasiones, que Juan Suris era su actual pareja.<\/p>\n<p>El dato de que el bahiense estaba oculto en la vivienda\u00a0de Farro lleg\u00f3 a la sede de la fiscal\u00eda general\u00a0la semana pasada a trav\u00e9s de un an\u00f3nimo. Desde ese momento, desde el juzgado de\u00a0Santiago Mart\u00ednez, secretar\u00eda de Alvaro Coleffi, se\u00a0orden\u00f3 a la PSA montar\u00a0una guardia frente a la vivienda.<\/p>\n<p>Seg\u00fan la Justicia Federal, Suris, es el lider una banda de narcotraficantes con decenas de derivaciones como: tr\u00e1fico de personas, robo de cereal,\u00a0venta de d\u00f3lares falsos y lavado de dinero.<\/p>\n<p>La causa, que acumula decenas de fojas, posee m\u00e1s de 2000 horas de escuchas telef\u00f3nicas. Del expediente prinicipal, surgen una veitena\u00a0de otros delitos que est\u00e1n siendo investigados.<\/p>\n","protected":false},"excerpt":{"rendered":"<p>Finalmente\u00a0cay\u00f3 el capo narco Juan Suris. Lo atrap\u00f3 la Polic\u00eda de Seguridad Aeroportuaria, esta tarde cerca de las 18:00 hs., en el barrio de Belgrano de\u00a0Capital Federal cuando sal\u00eda del departamento de la vedette uruguaya M\u00f3nica Farro ubicado en la Avenida Cabildo. Suris, con barba candado y gorra deportiva, minti\u00f3 frente a los investigadores al&hellip;<\/p>\n","protected":false},"author":1,"featured_media":0,"comment_status":"open","ping_status":"open","sticky":false,"template":"","format":"standard","meta":{"footnotes":""},"categories":[22],"tags":[365,1225,17689,2143,4432,11210],"class_list":["post-40206","post","type-post","status-publish","format-standard","hentry","category-policiales","tag-bahia-blanca","tag-belgrano","tag-juan-suris","tag-monica-farro","tag-narco","tag-policia-de-seguridad-aeroportuaria"],"_links":{"self":[{"href":"https:\/\/www.elsindical.com.ar\/notas\/wp-json\/wp\/v2\/posts\/40206","targetHints":{"allow":["GET"]}}],"collection":[{"href":"https:\/\/www.elsindical.com.ar\/notas\/wp-json\/wp\/v2\/posts"}],"about":[{"href":"https:\/\/www.elsindical.com.ar\/notas\/wp-json\/wp\/v2\/types\/post"}],"author":[{"embeddable":true,"href":"https:\/\/www.elsindical.com.ar\/notas\/wp-json\/wp\/v2\/users\/1"}],"replies":[{"embeddable":true,"href":"https:\/\/www.elsindical.com.ar\/notas\/wp-json\/wp\/v2\/comments?post=40206"}],"version-history":[{"count":1,"href":"https:\/\/www.elsindical.com.ar\/notas\/wp-json\/wp\/v2\/posts\/40206\/revisions"}],"predecessor-version":[{"id":40208,"href":"https:\/\/www.elsindical.com.ar\/notas\/wp-json\/wp\/v2\/posts\/40206\/revisions\/40208"}],"wp:attachment":[{"href":"https:\/\/www.elsindical.com.ar\/notas\/wp-json\/wp\/v2\/media?parent=40206"}],"wp:term":[{"taxonomy":"category","embeddable":true,"href":"https:\/\/www.elsindical.com.ar\/notas\/wp-json\/wp\/v2\/categories?post=40206"},{"taxonomy":"post_tag","embeddable":true,"href":"https:\/\/www.elsindical.com.ar\/notas\/wp-json\/wp\/v2\/tags?post=40206"}],"curies":[{"name":"wp","href":"https:\/\/api.w.org\/{rel}","templated":true}]}}