{"id":40200,"date":"2014-01-13T19:45:44","date_gmt":"2014-01-13T22:45:44","guid":{"rendered":"http:\/\/www.elsindical.com.ar\/notas\/?p=40200"},"modified":"2014-01-13T19:45:44","modified_gmt":"2014-01-13T22:45:44","slug":"hablar-es-facil","status":"publish","type":"post","link":"https:\/\/www.elsindical.com.ar\/notas\/hablar-es-facil\/","title":{"rendered":"Hablar es f\u00e1cil"},"content":{"rendered":"<p><a href=\"http:\/\/www.elsindical.com.ar\/notas\/var\/www\/html\/notas\/wp-content\/uploads\/2014\/01\/PJ-FpV.jpg\"><img loading=\"lazy\" decoding=\"async\" class=\"alignnone size-medium wp-image-40202\" alt=\"PJ-FpV\" src=\"http:\/\/www.elsindical.com.ar\/notas\/var\/www\/html\/notas\/wp-content\/uploads\/2014\/01\/PJ-FpV-300x106.jpg\" width=\"300\" height=\"106\" srcset=\"https:\/\/www.elsindical.com.ar\/notas\/var\/www\/html\/notas\/wp-content\/uploads\/2014\/01\/PJ-FpV-300x106.jpg 300w, https:\/\/www.elsindical.com.ar\/notas\/var\/www\/html\/notas\/wp-content\/uploads\/2014\/01\/PJ-FpV.jpg 443w\" sizes=\"auto, (max-width: 300px) 100vw, 300px\" \/><\/a>Como Bloque, preocupados por los problemas de los vecinos, debido a que\u00a0 somos uno m\u00e1s de ellos y por nuestra responsabilidad, en vez de preocuparnos por hacer rimbombantes declaraciones, pedidos de informes, sesiones, etc. que no solucionan nada, estuvimos donde deb\u00edamos estar, sufriendo y tratando de paliar las mismas consecuencias de la p\u00e9sima gesti\u00f3n de Edesur en el distrito, que casualmente coincidi\u00f3 con la de Edenor.<\/p>\n<p>Para aclarar algunos puntos; primeramente debemos decir que los concejales que dicen haber pedido una sesi\u00f3n extraordinaria, no lo hicieron, pues presentaron por mesa de entradas una nota sin las firmas correspondientes, tal como la misma ley que citan requiere para realizar el pedido de una sesi\u00f3n extraordinaria. Es decir,\u00a0 no existi\u00f3 tal pedido, porque le faltan las firmas correspondientes.<\/p>\n<p>Estuvimos todos afectados por la crisis y presentes en todos los niveles en donde se nos pudo requerir; el equipo de salud, con su secretario al frente, la Secretar\u00eda de acci\u00f3n social, por citar un ejemplo en la desgracia de Dock Sud, y cada uno de los\u00a0 funcionarios donde le correspond\u00eda estar. Por ejemplo en algunos casos los delegados municipales, junto a concejales opositores, y los que hablan siempre por los medios\u00a0 no estaban en ning\u00fan lugar, o s\u00ed, pero no en el lugar de los hechos.<\/p>\n<p>Con respecto a las inversiones, averiguamos, no hace falta burocracia est\u00e9ril en un momento de desgracia, no aporta. Seguiremos insistiendo en el cambio de gesti\u00f3n de ambas proveedoras.<\/p>\n<p>Se firmaron convenios con Naci\u00f3n para inversiones por 50 millones de pesos para la mejora de la l\u00ednea de MT (media tensi\u00f3n) y BT (baja tensi\u00f3n); se llevan ejecutados 27 millones de ellos, que permitieron mejorar las redes de distribuci\u00f3n el\u00e9ctrica en los barrios. Realizar el alumbrado p\u00fablico, por ejemplo, mas del 13200v de repotenciaci\u00f3n, mas la colocaci\u00f3n en nuevos barrios de l\u00edneas para proveer las nuevas demandas. Adem\u00e1s de proveer, tambi\u00e9n las bombas de desagote y solucionar con ello el problema de funcionamiento en \u00e9poca de lluvias, por ejemplo la bomba de Dock sud, etc.<\/p>\n<p>Est\u00e1n previstos la llegada de 38 millones adicionales, que ser\u00e1n destinados a mejorar las redes de BT afectadas, por la gran cantidad de elementos refrigerantes de m\u00e1ximo consumo hogare\u00f1o, que casi se ha duplicado en n\u00famero con otros a\u00f1os, generando as\u00ed una presi\u00f3n sobre las redes muy elevada.<\/p>\n<p>Asimismo se contempla el recambio de l\u00edneas de MT; la repotenciaci\u00f3n de centros de transformaci\u00f3n; instalaci\u00f3n de nuevos alimentadores que mejoran el sistema de distribuci\u00f3n el\u00e9ctrica; particularmente se destacan las obras de alimentaci\u00f3n de la planta de bombeo de Dock Sud, para permitir una mejor evacuaci\u00f3n de agua los d\u00edas de lluvia; adem\u00e1s de la alimentaci\u00f3n del Nuevo Ecopunto, entre otras obras que beneficiar\u00e1n a gran cantidad de vecinos de nuestra ciudad a partir de las inversiones previstas.<\/p>\n<p>No entraremos en pol\u00e9micas est\u00e9riles ya que muchos, m\u00e1s que preocuparse por la soluci\u00f3n de los problemas parecen que disfrutan de ellos, cuando todos, desde el\u00a0 primero al \u00faltimo de los vecinos somos v\u00edctimas de estas p\u00e9simas gestiones de estas empresas que no gestionan. Por eso seguiremos insistiendo en su traspaso a la gesti\u00f3n estatal.\u00a0 No Somos ni seremos indiferentes a los problemas que aquejan a nuestros vecinos, reiterando, porque somos parte de ellos, y vivimos por lo menos, nuestro bloque, en nuestra ciudad y la caminamos todos los d\u00edas.\u00a0 As\u00ed\u00a0 tambi\u00e9n nos consta por testigos directos que el Departamento Ejecutivo, con el Intendente a la cabeza hizo lo que correspond\u00eda, lo que pasa es que ante estos eventos preferimos trabajar en silencio, hasta solucionar los problemas y luego hablar, otros prefieren lo contrario.\u00a0 Hablan porque es lo \u00fanico que saben hacer.<\/p>\n<p>&nbsp;<\/p>\n<p><strong><em>PRENSA BLOQUE PJ &#8211; FPV<\/em><\/strong><\/p>\n","protected":false},"excerpt":{"rendered":"<p>Como Bloque, preocupados por los problemas de los vecinos, debido a que\u00a0 somos uno m\u00e1s de ellos y por nuestra responsabilidad, en vez de preocuparnos por hacer rimbombantes declaraciones, pedidos de informes, sesiones, etc. que no solucionan nada, estuvimos donde deb\u00edamos estar, sufriendo y tratando de paliar las mismas consecuencias de la p\u00e9sima gesti\u00f3n de&hellip;<\/p>\n","protected":false},"author":1,"featured_media":0,"comment_status":"open","ping_status":"open","sticky":false,"template":"","format":"standard","meta":{"footnotes":""},"categories":[13],"tags":[17908,14097,2973,374,986],"class_list":["post-40200","post","type-post","status-publish","format-standard","hentry","category-politica","tag-bloque-concejales","tag-cortes-de-energia-electrica","tag-edenor","tag-edesur","tag-vecinos"],"_links":{"self":[{"href":"https:\/\/www.elsindical.com.ar\/notas\/wp-json\/wp\/v2\/posts\/40200","targetHints":{"allow":["GET"]}}],"collection":[{"href":"https:\/\/www.elsindical.com.ar\/notas\/wp-json\/wp\/v2\/posts"}],"about":[{"href":"https:\/\/www.elsindical.com.ar\/notas\/wp-json\/wp\/v2\/types\/post"}],"author":[{"embeddable":true,"href":"https:\/\/www.elsindical.com.ar\/notas\/wp-json\/wp\/v2\/users\/1"}],"replies":[{"embeddable":true,"href":"https:\/\/www.elsindical.com.ar\/notas\/wp-json\/wp\/v2\/comments?post=40200"}],"version-history":[{"count":2,"href":"https:\/\/www.elsindical.com.ar\/notas\/wp-json\/wp\/v2\/posts\/40200\/revisions"}],"predecessor-version":[{"id":40203,"href":"https:\/\/www.elsindical.com.ar\/notas\/wp-json\/wp\/v2\/posts\/40200\/revisions\/40203"}],"wp:attachment":[{"href":"https:\/\/www.elsindical.com.ar\/notas\/wp-json\/wp\/v2\/media?parent=40200"}],"wp:term":[{"taxonomy":"category","embeddable":true,"href":"https:\/\/www.elsindical.com.ar\/notas\/wp-json\/wp\/v2\/categories?post=40200"},{"taxonomy":"post_tag","embeddable":true,"href":"https:\/\/www.elsindical.com.ar\/notas\/wp-json\/wp\/v2\/tags?post=40200"}],"curies":[{"name":"wp","href":"https:\/\/api.w.org\/{rel}","templated":true}]}}