{"id":402,"date":"2009-09-17T09:12:46","date_gmt":"2009-09-17T12:12:46","guid":{"rendered":"http:\/\/www.elsindical.com.ar\/notas\/?p=402"},"modified":"2017-05-26T09:50:44","modified_gmt":"2017-05-26T12:50:44","slug":"marcha-contra-los-despidos-en-triumph-international-de-tailandia","status":"publish","type":"post","link":"https:\/\/www.elsindical.com.ar\/notas\/marcha-contra-los-despidos-en-triumph-international-de-tailandia\/","title":{"rendered":"Marcha contra los despidos en Triumph International de Tailandia"},"content":{"rendered":"<p><img loading=\"lazy\" decoding=\"async\" class=\"alignleft size-full wp-image-403\" title=\"Triumph-International-2\" src=\"http:\/\/www.elsindical.com.ar\/notas\/var\/www\/html\/notas\/wp-content\/uploads\/2009\/09\/Triumph-International-2.jpg\" alt=\"Triumph-International-2\" width=\"312\" height=\"209\" srcset=\"https:\/\/www.elsindical.com.ar\/notas\/var\/www\/html\/notas\/wp-content\/uploads\/2009\/09\/Triumph-International-2.jpg 312w, https:\/\/www.elsindical.com.ar\/notas\/var\/www\/html\/notas\/wp-content\/uploads\/2009\/09\/Triumph-International-2-300x200.jpg 300w\" sizes=\"auto, (max-width: 312px) 100vw, 312px\" \/>Reproducimos comunicado de prensa:<\/p>\n<p style=\"BORDER-BOTTOM: medium none; TEXT-ALIGN: center; BORDER-LEFT: medium none; PADDING-BOTTOM: 0cm; PADDING-LEFT: 0cm; PADDING-RIGHT: 0cm; BORDER-TOP: medium none; BORDER-RIGHT: medium none; PADDING-TOP: 0cm\" align=\"center\"><strong><span style=\"FONT-FAMILY: Verdana; BACKGROUND: #dbe5f1; COLOR: #244061; FONT-SIZE: 18pt\">EL VIERNES 18\/09\u00a0<\/span><\/strong><\/p>\n<p style=\"BORDER-BOTTOM: medium none; TEXT-ALIGN: center; BORDER-LEFT: medium none; PADDING-BOTTOM: 0cm; PADDING-LEFT: 0cm; PADDING-RIGHT: 0cm; BORDER-TOP: medium none; BORDER-RIGHT: medium none; PADDING-TOP: 0cm\" align=\"center\"><strong><span style=\"FONT-FAMILY: Verdana; BACKGROUND: #dbe5f1; COLOR: #244061; FONT-SIZE: 18pt\">a las\u00a019 HS. <\/span><\/strong><span style=\"FONT-FAMILY: Verdana; COLOR: #444444; FONT-SIZE: 10pt\">\u00a0<\/span><\/p>\n<p style=\"BORDER-BOTTOM: medium none; TEXT-ALIGN: center; BORDER-LEFT: medium none; PADDING-BOTTOM: 0cm; PADDING-LEFT: 0cm; PADDING-RIGHT: 0cm; BORDER-TOP: medium none; BORDER-RIGHT: medium none; PADDING-TOP: 0cm\" align=\"center\"><span style=\"FONT-FAMILY: Verdana; COLOR: #444444; FONT-SIZE: 10pt\">\u00a0<\/span><\/p>\n<p style=\"BORDER-BOTTOM: medium none; TEXT-ALIGN: center; BORDER-LEFT: medium none; PADDING-BOTTOM: 0cm; PADDING-LEFT: 0cm; PADDING-RIGHT: 0cm; BORDER-TOP: medium none; BORDER-RIGHT: medium none; PADDING-TOP: 0cm\" align=\"center\"><strong><span style=\"FONT-FAMILY: Verdana; BACKGROUND: #dbe5f1; COLOR: #244061; FONT-SIZE: 18pt\">EN CABILDO Y JURAMENTO\u00a0<\/span><\/strong><\/p>\n<p style=\"BORDER-BOTTOM: medium none; BORDER-LEFT: medium none; PADDING-BOTTOM: 0cm; PADDING-LEFT: 0cm; PADDING-RIGHT: 0cm; BORDER-TOP: medium none; BORDER-RIGHT: medium none; PADDING-TOP: 0cm\"><span style=\"FONT-FAMILY: Verdana; COLOR: #444444; FONT-SIZE: 10pt\">\u00a0<\/span><\/p>\n<p style=\"BORDER-BOTTOM: medium none; TEXT-ALIGN: center; BORDER-LEFT: medium none; PADDING-BOTTOM: 0cm; PADDING-LEFT: 0cm; PADDING-RIGHT: 0cm; BORDER-TOP: medium none; BORDER-RIGHT: medium none; PADDING-TOP: 0cm\" align=\"center\"><strong><span style=\"FONT-FAMILY: Verdana; COLOR: #c00000; FONT-SIZE: 13.5pt\">MARCHA A LA EMBAJADA DE TAILANDIA EN <\/span><\/strong><\/p>\n<p style=\"BORDER-BOTTOM: medium none; TEXT-ALIGN: center; BORDER-LEFT: medium none; PADDING-BOTTOM: 0cm; PADDING-LEFT: 0cm; PADDING-RIGHT: 0cm; BORDER-TOP: medium none; BORDER-RIGHT: medium none; PADDING-TOP: 0cm\" align=\"center\"><strong><span style=\"FONT-FAMILY: Verdana; COLOR: #c00000; FONT-SIZE: 13.5pt\">SOLIDARIDAD CON LOS TRABAJADORES <\/span><\/strong><\/p>\n<p style=\"BORDER-BOTTOM: medium none; TEXT-ALIGN: center; BORDER-LEFT: medium none; PADDING-BOTTOM: 0cm; PADDING-LEFT: 0cm; PADDING-RIGHT: 0cm; BORDER-TOP: medium none; BORDER-RIGHT: medium none; PADDING-TOP: 0cm\" align=\"center\"><strong><span style=\"FONT-FAMILY: Verdana; COLOR: #c00000; FONT-SIZE: 13.5pt\">TEXTILES DE TRIUNPH INTERNACIONAL S.A.<\/span><\/strong><\/p>\n<p style=\"BORDER-BOTTOM: medium none; TEXT-ALIGN: center; BORDER-LEFT: medium none; PADDING-BOTTOM: 0cm; PADDING-LEFT: 0cm; PADDING-RIGHT: 0cm; BORDER-TOP: medium none; BORDER-RIGHT: medium none; PADDING-TOP: 0cm\" align=\"center\"><span style=\"FONT-FAMILY: Verdana; COLOR: #444444; FONT-SIZE: 10pt\">\u00a0<\/span><\/p>\n<p style=\"BORDER-BOTTOM: medium none; TEXT-ALIGN: center; BORDER-LEFT: medium none; PADDING-BOTTOM: 0cm; PADDING-LEFT: 0cm; PADDING-RIGHT: 0cm; BORDER-TOP: medium none; BORDER-RIGHT: medium none; PADDING-TOP: 0cm\" align=\"center\"><strong><span style=\"FONT-FAMILY: Verdana; COLOR: #c00000; FONT-SIZE: 13.5pt\">\u00a1\u00a1POR EL NO CIERRE Y DESPIDO DE\u00a02.000 <\/span><\/strong><\/p>\n<p style=\"BORDER-BOTTOM: medium none; TEXT-ALIGN: center; BORDER-LEFT: medium none; PADDING-BOTTOM: 0cm; PADDING-LEFT: 0cm; PADDING-RIGHT: 0cm; BORDER-TOP: medium none; BORDER-RIGHT: medium none; PADDING-TOP: 0cm\" align=\"center\"><strong><span style=\"FONT-FAMILY: Verdana; COLOR: #c00000; FONT-SIZE: 13.5pt\">COSTURERAS\/OS<span>\u00a0 <\/span>EN TAILANDIA y FILIPINAS!! <\/span><\/strong><span style=\"FONT-FAMILY: Verdana; COLOR: #444444; FONT-SIZE: 10pt\">\u00a0<\/span><\/p>\n<p style=\"BORDER-BOTTOM: medium none; BORDER-LEFT: medium none; PADDING-BOTTOM: 0cm; PADDING-LEFT: 0cm; PADDING-RIGHT: 0cm; BORDER-TOP: medium none; BORDER-RIGHT: medium none; PADDING-TOP: 0cm\"><span style=\"FONT-FAMILY: Verdana; COLOR: #444444; FONT-SIZE: 10pt\">\u00a0<\/span><\/p>\n<p><span style=\"color: #000000;\"><span style=\"font-family: Consolas;\"><span style=\"font-size: small;\"><strong>La empresa Triumph International basada en Suiza es acusada de conductas antisindicales al despedir a miles de en trabajadores en Tailandia y Las Filipinas. El proveedor de Triumph International, Body Fashion Thailand, anunci\u00f3 el 29 de junio que despedir\u00eda a la mitad de sus 4.200 trabajadores. En Las Filipinas, 1.660 trabajadores de la confecci\u00f3n se quedaran sin trabajo para fines de agosto debido a cierres<\/strong>.<\/span><\/span><\/span><\/p>\n<p style=\"BORDER-BOTTOM: medium none; BORDER-LEFT: medium none; PADDING-BOTTOM: 0cm; LINE-HEIGHT: 13.5pt; PADDING-LEFT: 0cm; PADDING-RIGHT: 0cm; BORDER-TOP: medium none; BORDER-RIGHT: medium none; PADDING-TOP: 0cm\"><span style=\"color: #000000;\"><span style=\"font-family: Consolas;\"><\/span><\/span><\/p>\n<p style=\"BORDER-BOTTOM: medium none; TEXT-ALIGN: justify; BORDER-LEFT: medium none; PADDING-BOTTOM: 0cm; PADDING-LEFT: 0cm; PADDING-RIGHT: 0cm; BORDER-TOP: medium none; BORDER-RIGHT: medium none; PADDING-TOP: 0cm\"><span style=\"font-size: small;\"><strong><span style=\"FONT-FAMILY: Consolas; COLOR: black\">En ambos pa\u00edses Triumph no tuvo negociaciones transparentes con los sindicatos de los trabajadores de las f\u00e1bricas seg\u00fan lo requieren los est\u00e1ndares laborales internacionales. La empresa tambi\u00e9n esta acusada de cerrar departamentos y f\u00e1bricas en los que los sindicatos eran m\u00e1s fuertes. <\/span><\/strong><\/span><\/p>\n<p style=\"BORDER-BOTTOM: medium none; TEXT-ALIGN: justify; BORDER-LEFT: medium none; PADDING-BOTTOM: 0cm; PADDING-LEFT: 0cm; PADDING-RIGHT: 0cm; BORDER-TOP: medium none; BORDER-RIGHT: medium none; PADDING-TOP: 0cm\"><span style=\"font-size: small;\"><span><span style=\"FONT-FAMILY: Verdana; COLOR: #333333; FONT-SIZE: 9pt\" lang=\"EN-US\">\u00a0<\/span><\/span><\/span><\/p>\n<p style=\"BORDER-BOTTOM: medium none; BORDER-LEFT: medium none; PADDING-BOTTOM: 0cm; LINE-HEIGHT: 13.5pt; PADDING-LEFT: 0cm; PADDING-RIGHT: 0cm; BORDER-TOP: medium none; BORDER-RIGHT: medium none; PADDING-TOP: 0cm\"><strong><span style=\"FONT-FAMILY: 'Courier New'; COLOR: black; FONT-SIZE: 12pt\">El 24 de julio, m\u00e1s de mil trabajadores que van a ser despedidos por el Consejo de Moda (Tailandia) Ltd, una filial de Triumph International, marcharon desde Ratchadamri Road a lo largo de Rama I Rd. a Wireless Rd., donde se encuentra la embajada de Suiza.<\/span><\/strong><strong>\u00a0<\/strong><\/p>\n<p style=\"BORDER-BOTTOM: medium none; BORDER-LEFT: medium none; PADDING-BOTTOM: 0cm; LINE-HEIGHT: 13.5pt; PADDING-LEFT: 0cm; PADDING-RIGHT: 0cm; BORDER-TOP: medium none; BORDER-RIGHT: medium none; PADDING-TOP: 0cm\"><span style=\"font-size: x-small;\"><span style=\"COLOR: black\">\u00a0<\/span><\/span><\/p>\n<p><span style=\"color: #000000;\"><span style=\"FONT-FAMILY: Consolas\"><span style=\"font-size: small;\"><strong>En la Embajada, los trabajadores exigieron hablar con el Embajador Rodolfo Samuel Imhoof, pero se encontraron con su primer secretario en su lugar. A Tres representantes de los trabajadores se les permiti\u00f3 entrar en la embajada para hablar con el secretario.<\/strong><\/span><\/span><span style=\"font-family: Courier New;\"><span style=\"font-size: small;\"><strong>\u00a0<\/strong><span style=\"FONT-FAMILY: Verdana; COLOR: #333333; FONT-SIZE: 9pt\" lang=\"EN-US\"> <\/span><\/span><\/span><\/span><span style=\"color: #000000;\"><span style=\"font-family: Courier New;\"><\/span><\/span><br \/>\n<strong>La conversaci\u00f3n no dio ning\u00fan resultado en la embajada dijo que ten\u00eda que comprobar si Triumph International fue registrada en Suiza, y no estaba seguro de si podr\u00eda llevar al empleado a la mesa. <\/strong><\/p>\n<p><span style=\"FONT-FAMILY: 'Arial Unicode MS'\"><span style=\"FONT-FAMILY: Verdana; COLOR: #333333; FONT-SIZE: 9pt\" lang=\"EN-US\">\u00a0 <strong><\/strong><\/span><\/span><\/p>\n<p style=\"BORDER-BOTTOM: medium none; BORDER-LEFT: medium none; PADDING-BOTTOM: 0cm; PADDING-LEFT: 0cm; PADDING-RIGHT: 0cm; BORDER-TOP: medium none; BORDER-RIGHT: medium none; PADDING-TOP: 0cm\"><span style=\"FONT-FAMILY: Verdana; COLOR: black\"><span style=\"font-size: small;\">\u00a0<\/span><\/span><\/p>\n<p style=\"BORDER-BOTTOM: medium none; TEXT-ALIGN: justify; BORDER-LEFT: medium none; PADDING-BOTTOM: 0cm; PADDING-LEFT: 0cm; PADDING-RIGHT: 0cm; BORDER-TOP: medium none; BORDER-RIGHT: medium none; PADDING-TOP: 0cm\"><span style=\"font-size: small;\"><strong><span style=\"FONT-FAMILY: 'Courier New'; COLOR: black\">Los trabajadores est\u00e1n exigiendo que la empresa Consejo de Moda Ltd.\u00a0cancele su plan para despedir a 1.959 trabajadores, divulgar la informaci\u00f3n de conformidad con las directrices de la OCDE para Empresas Multinacionales, consultar al sindicato sobre las pol\u00edticas que afectan el bienestar de los trabajadores y la persecuci\u00f3n a sus dirigentes, y que se adhieran al propio C\u00f3digo de Conducta de conglomerado de la Triumph\u00a0en el cual se reconoce la importancia de la protecci\u00f3n de los derechos humanos.\u00a0<\/span><\/strong><\/span><\/p>\n<p style=\"BORDER-BOTTOM: medium none; TEXT-ALIGN: justify; BORDER-LEFT: medium none; PADDING-BOTTOM: 0cm; PADDING-LEFT: 0cm; PADDING-RIGHT: 0cm; BORDER-TOP: medium none; BORDER-RIGHT: medium none; PADDING-TOP: 0cm\"><span style=\"font-size: small;\"><strong><\/strong><\/span>\u00a0<\/p>\n<p style=\"BORDER-BOTTOM: medium none; BORDER-LEFT: medium none; PADDING-BOTTOM: 0cm; PADDING-LEFT: 0cm; PADDING-RIGHT: 0cm; BORDER-TOP: medium none; BORDER-RIGHT: medium none; PADDING-TOP: 0cm\"><span style=\"FONT-FAMILY: Verdana; COLOR: black; FONT-SIZE: 9pt\">\u00a0<span style=\"FONT-FAMILY: Verdana; COLOR: #757575; FONT-SIZE: 8.5pt\" lang=\"EN-US\"> <\/span><\/span><\/p>\n<p style=\"BORDER-BOTTOM: medium none; TEXT-ALIGN: justify; BORDER-LEFT: medium none; PADDING-BOTTOM: 0cm; PADDING-LEFT: 0cm; PADDING-RIGHT: 0cm; BORDER-TOP: medium none; BORDER-RIGHT: medium none; PADDING-TOP: 0cm\"><strong><span style=\"FONT-FAMILY: 'Courier New'; COLOR: black\"><span style=\"font-size: small;\">MUCHOS DE \u00c9STOS TRABAJADORES SE MOVILIZARON EL 23 DE JULIO A LA EMBAJADA ARGENTINA EN\u00a0BANGKOK PARA <\/span><\/span><\/strong><strong><em><span style=\"FONT-FAMILY: 'Courier New'; COLOR: black; FONT-SIZE: 14pt\">REPUDIAR LA COBARDE AGRESI\u00d3N DE LA MAFIA DE LOS TALLERISTAS<\/span><\/em><\/strong><strong><span style=\"FONT-FAMILY: 'Courier New'; COLOR: black; FONT-SIZE: 14pt\"> <\/span><\/strong><span style=\"font-size: small;\"><strong><span style=\"FONT-FAMILY: 'Courier New'; COLOR: black\">A LOS MILITANTES DE LA ALAMEDA EL PASADO 10 DE JULIO, DONDE 8 DE NUESTROS COMPA\u00d1EROS TERMINARON CON HERIDAS, LUEGO DE QUE LA POLICIA FEDERAL LES LIBERARA LA ZONA A LOS ESCLAVISTAS ESA NOCHE EN PARQUE AVELLANEDA.<\/span><\/strong><\/span><\/p>\n<p style=\"BORDER-BOTTOM: medium none; BORDER-LEFT: medium none; PADDING-BOTTOM: 0cm; PADDING-LEFT: 0cm; PADDING-RIGHT: 0cm; BORDER-TOP: medium none; BORDER-RIGHT: medium none; PADDING-TOP: 0cm\"><span style=\"FONT-FAMILY: Verdana; COLOR: black; FONT-SIZE: 9pt\">\u00a0<\/span><\/p>\n<p style=\"BORDER-BOTTOM: medium none; TEXT-ALIGN: justify; BORDER-LEFT: medium none; PADDING-BOTTOM: 0cm; PADDING-LEFT: 0cm; PADDING-RIGHT: 0cm; BORDER-TOP: medium none; BORDER-RIGHT: medium none; PADDING-TOP: 0cm\"><strong><span style=\"FONT-FAMILY: 'Courier New'; COLOR: black\"><span style=\"font-size: small;\">COMO <\/span><\/span><\/strong><strong><em><span style=\"text-decoration: underline;\"><span style=\"FONT-FAMILY: 'Courier New'; COLOR: black; FONT-SIZE: 14pt\">LA SOLIDARIDAD SE DEMUESTRA EN LOS HECHOS<\/span><\/span><\/em><\/strong><strong><span style=\"FONT-FAMILY: 'Courier New'; COLOR: black\"><span style=\"font-size: small;\">, CONVOCAMOS A MARCHAR A LA EMBAJADA DE TAILANDIA PARA QUE ESE GOBIERNO INTERVENGA PARA FRENAR ESTA ACCI\u00d3N DE LA MULTINACIONAL <span style=\"text-decoration: underline;\">TRIUMPH INTERNACIONAL S.A.<\/span><\/span><\/span><\/strong><span style=\"FONT-FAMILY: Verdana; FONT-SIZE: 9pt\" lang=\"EN-US\"><span style=\"color: #000000;\"> <\/span><\/span><strong><span style=\"text-decoration: underline;\"><span style=\"FONT-FAMILY: 'Courier New'; COLOR: black\"><span style=\"font-size: small;\"><span>\u00a0 <\/span><\/span><\/span><\/span><\/strong><\/p>\n<p style=\"BORDER-BOTTOM: medium none; TEXT-ALIGN: justify; BORDER-LEFT: medium none; PADDING-BOTTOM: 0cm; PADDING-LEFT: 0cm; PADDING-RIGHT: 0cm; BORDER-TOP: medium none; BORDER-RIGHT: medium none; PADDING-TOP: 0cm\"><strong><span style=\"text-decoration: underline;\"><span style=\"FONT-FAMILY: 'Courier New'; COLOR: black\"><\/span><\/span><\/strong>\u00a0<\/p>\n<p style=\"BORDER-BOTTOM: medium none; TEXT-ALIGN: justify; BORDER-LEFT: medium none; PADDING-BOTTOM: 0cm; PADDING-LEFT: 0cm; PADDING-RIGHT: 0cm; BORDER-TOP: medium none; BORDER-RIGHT: medium none; PADDING-TOP: 0cm\"><strong><span style=\"text-decoration: underline;\"><span style=\"FONT-FAMILY: 'Courier New'; COLOR: black\"><\/span><\/span><\/strong>\u00a0<\/p>\n<p style=\"BORDER-BOTTOM: medium none; TEXT-ALIGN: center; BORDER-LEFT: medium none; PADDING-BOTTOM: 0cm; PADDING-LEFT: 0cm; PADDING-RIGHT: 0cm; BORDER-TOP: medium none; BORDER-RIGHT: medium none; PADDING-TOP: 0cm\" align=\"center\"><strong><span style=\"FONT-FAMILY: Verdana; BACKGROUND: #dbe5f1; COLOR: #244061; FONT-SIZE: 18pt\">EL VIERNES 18\/09\u00a0a las\u00a019 HS.<\/span><\/strong><\/p>\n<p style=\"BORDER-BOTTOM: medium none; TEXT-ALIGN: center; BORDER-LEFT: medium none; PADDING-BOTTOM: 0cm; PADDING-LEFT: 0cm; PADDING-RIGHT: 0cm; BORDER-TOP: medium none; BORDER-RIGHT: medium none; PADDING-TOP: 0cm\" align=\"center\"><span style=\"FONT-FAMILY: Verdana; COLOR: #444444; FONT-SIZE: 10pt\">\u00a0<\/span><\/p>\n<p style=\"BORDER-BOTTOM: medium none; TEXT-ALIGN: center; BORDER-LEFT: medium none; PADDING-BOTTOM: 0cm; PADDING-LEFT: 0cm; PADDING-RIGHT: 0cm; BORDER-TOP: medium none; BORDER-RIGHT: medium none; PADDING-TOP: 0cm\" align=\"center\"><strong><span style=\"FONT-FAMILY: Verdana; BACKGROUND: #dbe5f1; COLOR: #244061; FONT-SIZE: 18pt\">EN CABILDO Y JURAMENTO<\/span><\/strong><\/p>\n<p style=\"BORDER-BOTTOM: medium none; TEXT-ALIGN: center; BORDER-LEFT: medium none; PADDING-BOTTOM: 0cm; PADDING-LEFT: 0cm; PADDING-RIGHT: 0cm; BORDER-TOP: medium none; BORDER-RIGHT: medium none; PADDING-TOP: 0cm\" align=\"center\"><strong><\/strong><strong><span style=\"FONT-FAMILY: Verdana; BACKGROUND: #dbe5f1; COLOR: #244061; FONT-SIZE: 18pt\">Salimos de La Alameda a las 17.30 hs.<\/span><\/strong><\/p>\n","protected":false},"excerpt":{"rendered":"<p>Reproducimos comunicado de prensa: EL VIERNES 18\/09\u00a0 a las\u00a019 HS. \u00a0 \u00a0 EN CABILDO Y JURAMENTO\u00a0 \u00a0 MARCHA A LA EMBAJADA DE TAILANDIA EN SOLIDARIDAD CON LOS TRABAJADORES TEXTILES DE TRIUNPH INTERNACIONAL S.A. \u00a0 \u00a1\u00a1POR EL NO CIERRE Y DESPIDO DE\u00a02.000 COSTURERAS\/OS\u00a0 EN TAILANDIA y FILIPINAS!! \u00a0 \u00a0 La empresa Triumph International basada en Suiza&hellip;<\/p>\n","protected":false},"author":1,"featured_media":0,"comment_status":"open","ping_status":"open","sticky":false,"template":"","format":"standard","meta":{"footnotes":""},"categories":[25],"tags":[213,212,156,211,210],"class_list":["post-402","post","type-post","status-publish","format-standard","hentry","category-sociedad","tag-embajada","tag-la-alameda","tag-marcha","tag-tailandia","tag-triumph"],"_links":{"self":[{"href":"https:\/\/www.elsindical.com.ar\/notas\/wp-json\/wp\/v2\/posts\/402","targetHints":{"allow":["GET"]}}],"collection":[{"href":"https:\/\/www.elsindical.com.ar\/notas\/wp-json\/wp\/v2\/posts"}],"about":[{"href":"https:\/\/www.elsindical.com.ar\/notas\/wp-json\/wp\/v2\/types\/post"}],"author":[{"embeddable":true,"href":"https:\/\/www.elsindical.com.ar\/notas\/wp-json\/wp\/v2\/users\/1"}],"replies":[{"embeddable":true,"href":"https:\/\/www.elsindical.com.ar\/notas\/wp-json\/wp\/v2\/comments?post=402"}],"version-history":[{"count":2,"href":"https:\/\/www.elsindical.com.ar\/notas\/wp-json\/wp\/v2\/posts\/402\/revisions"}],"predecessor-version":[{"id":405,"href":"https:\/\/www.elsindical.com.ar\/notas\/wp-json\/wp\/v2\/posts\/402\/revisions\/405"}],"wp:attachment":[{"href":"https:\/\/www.elsindical.com.ar\/notas\/wp-json\/wp\/v2\/media?parent=402"}],"wp:term":[{"taxonomy":"category","embeddable":true,"href":"https:\/\/www.elsindical.com.ar\/notas\/wp-json\/wp\/v2\/categories?post=402"},{"taxonomy":"post_tag","embeddable":true,"href":"https:\/\/www.elsindical.com.ar\/notas\/wp-json\/wp\/v2\/tags?post=402"}],"curies":[{"name":"wp","href":"https:\/\/api.w.org\/{rel}","templated":true}]}}