{"id":40146,"date":"2014-01-09T18:14:18","date_gmt":"2014-01-09T21:14:18","guid":{"rendered":"http:\/\/www.elsindical.com.ar\/notas\/?p=40146"},"modified":"2014-01-09T18:14:18","modified_gmt":"2014-01-09T21:14:18","slug":"la-madre-de-priscila-podria-ser-investigada-por-otro-crimen","status":"publish","type":"post","link":"https:\/\/www.elsindical.com.ar\/notas\/la-madre-de-priscila-podria-ser-investigada-por-otro-crimen\/","title":{"rendered":"La madre de Priscila podr\u00eda ser investigada por otro crimen"},"content":{"rendered":"<p><em><a href=\"http:\/\/www.elsindical.com.ar\/notas\/var\/www\/html\/notas\/wp-content\/uploads\/2014\/01\/asesinato-de-Priscila.jpg\"><img loading=\"lazy\" decoding=\"async\" class=\"alignnone size-medium wp-image-40148\" alt=\"asesinato-de-Priscila\" src=\"http:\/\/www.elsindical.com.ar\/notas\/var\/www\/html\/notas\/wp-content\/uploads\/2014\/01\/asesinato-de-Priscila-300x168.jpg\" width=\"300\" height=\"168\" srcset=\"https:\/\/www.elsindical.com.ar\/notas\/var\/www\/html\/notas\/wp-content\/uploads\/2014\/01\/asesinato-de-Priscila-300x168.jpg 300w, https:\/\/www.elsindical.com.ar\/notas\/var\/www\/html\/notas\/wp-content\/uploads\/2014\/01\/asesinato-de-Priscila.jpg 413w\" sizes=\"auto, (max-width: 300px) 100vw, 300px\" \/><\/a>La Justicia realizar\u00e1 una investigaci\u00f3n luego de que se conociera que en julio pasado falleciera otro de los hijos de la mujer tras haberse \u00abahogado en su v\u00f3mito\u00bb.<\/em><\/p>\n<p>La madre de la nena, sospechada de ser la autora del asesinato, tambi\u00e9n podr\u00eda ser investigada por el fallecimiento de otro hijo, ocurrido en julio pasado.<\/p>\n<p>Se trata de un medio hermano de Priscila, quien habr\u00eda muerto tras haberse \u00abahogado en su v\u00f3mito\u00bb, seg\u00fan le dijo a los vecinos Silvia Beatriz Lafuente en aquella oportunidad.<\/p>\n<p>Frente a esta situaci\u00f3n, los responsables de la pesquisa no descartaban anoche la posibilidad de investigar las circunstancias que rodearon la muerte del peque\u00f1o y disponer la exhumaci\u00f3n del cuerpo para tratar de establecer si su fallecimiento fue producto de un accidente o lo mataron.<\/p>\n<p>Para la Justicia estar\u00eda casi probado que a Priscila, la nena de 7 a\u00f1os cuyo cad\u00e1ver apareci\u00f3 en un arroyo de Berazategui, fue asesinada a golpes por su madre, quien junto al padrastro intent\u00f3 deshacerse del cuerpo quem\u00e1ndolo en una parrilla.<\/p>\n<p>La hip\u00f3tesis que maneja la Justicia, m\u00e1s precisamente el fiscal subrogante Carlos Riera, es que la madre, identificada como Silvia Beatriz Lafuente, una mujer corpulenta, someti\u00f3 a Priscila a una feroz golpiza, que le provoc\u00f3 moretones y la dej\u00f3 con heridas internas.<\/p>\n<p>Tanto la madre como su pareja se negaron a declarar ayer ante el fiscal, durante la primera audiencia de indagatoria a la que fueron sometidos. La mujer est\u00e1 acusada de \u00abhomicidio agravado por el v\u00ednculo\u00bb, que conlleva -en caso de ser encontrada culpable- una pena a prisi\u00f3n perpetua, mientras que a su pareja se le imputa el delito de \u00abencubrimiento agravado\u00bb, que tiene una pena de 1 a 6 a\u00f1os.<\/p>\n<p>Trascendi\u00f3 ayer que, en rigor, lo primero que habr\u00edan pensado la madre de Priscila y el padrastro no fue calcinar el cuerpo sino enterrarlo en el terreno que ocupaban. Sin embargo, no contaban con una pala para cavar un pozo, por lo que fueron a pedir prestada a una vecina, a quien, cuando les pregunt\u00f3 para qu\u00e9 la quer\u00edan, le dijeron que era para enterrar unos vidrios.<\/p>\n<p>La mujer no les facilit\u00f3 la herramienta, por lo que entonces la madre de Priscila y su pareja habr\u00edan decidido quemar el cad\u00e1ver, en una parrilla ubicada en la parte trasera del terreno, siguiendo la hip\u00f3tesis que teji\u00f3 el fiscal.<\/p>\n<p>Pero las brasas no lograron el cometido que ten\u00eda la pareja, por lo que tomaron el cuerpo de la nena, lo cargaron en un cochecito de beb\u00e9 y lo llevaron hasta el arroyo Las Conchillas, en donde lo arrojaron, y posteriormente fue encontrado.<\/p>\n<p>Familiares de la menor y allegados a la pareja reconocieron que la peque\u00f1a era sometida -de manera reiterada- a golpes y maltrato. La nena viv\u00eda con la pareja desde el pasado mes de octubre, cuando la mujer se hizo de la custodia, que le quit\u00f3 al padre biol\u00f3gico, quien vive en el partido bonaerense de Lan\u00fas.<\/p>\n<p>Otro dato que le llam\u00f3 la atenci\u00f3n a la Justicia es que Priscila no estaba inscripta, por ende no estaba documentada, y adem\u00e1s la abuela paterna de la ni\u00f1a pidi\u00f3 en su momento la tenencia, algo que la justicia de menores le neg\u00f3.<\/p>\n<p>Una de las pruebas que pesa sobre la madre y el padrastro de la ni\u00f1a son las filmaciones de las c\u00e1maras de seguridad del Municipio de Berazategui, en donde se los ve llevando un carrito aparentemente con el cuerpo de Priscila hacia la zona del arroyo donde fue encontrado.<iframe loading=\"lazy\" src=\"\/\/player.vimeo.com\/video\/83795311\" height=\"281\" width=\"500\" allowfullscreen=\"\" frameborder=\"0\"><\/iframe><\/p>\n<p><a href=\"http:\/\/vimeo.com\/83795311\">Crimen de Priscila<\/a> from <a href=\"http:\/\/vimeo.com\/hawrylciw\">Marcelo Ricardo Hawrylciw<\/a> on <a href=\"https:\/\/vimeo.com\">Vimeo<\/a>.<\/p>\n","protected":false},"excerpt":{"rendered":"<p>La Justicia realizar\u00e1 una investigaci\u00f3n luego de que se conociera que en julio pasado falleciera otro de los hijos de la mujer tras haberse \u00abahogado en su v\u00f3mito\u00bb. La madre de la nena, sospechada de ser la autora del asesinato, tambi\u00e9n podr\u00eda ser investigada por el fallecimiento de otro hijo, ocurrido en julio pasado. Se&hellip;<\/p>\n","protected":false},"author":1,"featured_media":0,"comment_status":"open","ping_status":"open","sticky":false,"template":"","format":"standard","meta":{"footnotes":""},"categories":[22],"tags":[363,1277,41,17893,17894],"class_list":["post-40146","post","type-post","status-publish","format-standard","hentry","category-policiales","tag-asesinato","tag-berazategui","tag-justicia","tag-priscila","tag-silvia-beatriz-lafuente"],"_links":{"self":[{"href":"https:\/\/www.elsindical.com.ar\/notas\/wp-json\/wp\/v2\/posts\/40146","targetHints":{"allow":["GET"]}}],"collection":[{"href":"https:\/\/www.elsindical.com.ar\/notas\/wp-json\/wp\/v2\/posts"}],"about":[{"href":"https:\/\/www.elsindical.com.ar\/notas\/wp-json\/wp\/v2\/types\/post"}],"author":[{"embeddable":true,"href":"https:\/\/www.elsindical.com.ar\/notas\/wp-json\/wp\/v2\/users\/1"}],"replies":[{"embeddable":true,"href":"https:\/\/www.elsindical.com.ar\/notas\/wp-json\/wp\/v2\/comments?post=40146"}],"version-history":[{"count":2,"href":"https:\/\/www.elsindical.com.ar\/notas\/wp-json\/wp\/v2\/posts\/40146\/revisions"}],"predecessor-version":[{"id":40149,"href":"https:\/\/www.elsindical.com.ar\/notas\/wp-json\/wp\/v2\/posts\/40146\/revisions\/40149"}],"wp:attachment":[{"href":"https:\/\/www.elsindical.com.ar\/notas\/wp-json\/wp\/v2\/media?parent=40146"}],"wp:term":[{"taxonomy":"category","embeddable":true,"href":"https:\/\/www.elsindical.com.ar\/notas\/wp-json\/wp\/v2\/categories?post=40146"},{"taxonomy":"post_tag","embeddable":true,"href":"https:\/\/www.elsindical.com.ar\/notas\/wp-json\/wp\/v2\/tags?post=40146"}],"curies":[{"name":"wp","href":"https:\/\/api.w.org\/{rel}","templated":true}]}}