{"id":40141,"date":"2014-01-09T11:13:49","date_gmt":"2014-01-09T14:13:49","guid":{"rendered":"http:\/\/www.elsindical.com.ar\/notas\/?p=40141"},"modified":"2014-01-09T11:13:49","modified_gmt":"2014-01-09T14:13:49","slug":"mendozaeste-es-el-delincuente-acusado-de-asesinar-a-golpes-a-la-beba-de-su-pareja","status":"publish","type":"post","link":"https:\/\/www.elsindical.com.ar\/notas\/mendozaeste-es-el-delincuente-acusado-de-asesinar-a-golpes-a-la-beba-de-su-pareja\/","title":{"rendered":"Mendoza:Este es el delincuente acusado de asesinar a golpes a la beba de su pareja"},"content":{"rendered":"<p><em><a href=\"http:\/\/www.elsindical.com.ar\/notas\/var\/www\/html\/notas\/wp-content\/uploads\/2014\/01\/Jorge-Orellano.jpg\"><img loading=\"lazy\" decoding=\"async\" class=\"alignnone size-medium wp-image-40142\" alt=\"Jorge-Orellano\" src=\"http:\/\/www.elsindical.com.ar\/notas\/var\/www\/html\/notas\/wp-content\/uploads\/2014\/01\/Jorge-Orellano-300x170.jpg\" width=\"300\" height=\"170\" srcset=\"https:\/\/www.elsindical.com.ar\/notas\/var\/www\/html\/notas\/wp-content\/uploads\/2014\/01\/Jorge-Orellano-300x170.jpg 300w, https:\/\/www.elsindical.com.ar\/notas\/var\/www\/html\/notas\/wp-content\/uploads\/2014\/01\/Jorge-Orellano-500x284.jpg 500w, https:\/\/www.elsindical.com.ar\/notas\/var\/www\/html\/notas\/wp-content\/uploads\/2014\/01\/Jorge-Orellano.jpg 531w\" sizes=\"auto, (max-width: 300px) 100vw, 300px\" \/><\/a>Tiene 36 a\u00f1os y es el padrastro de la nena que dej\u00f3 envuelta en una s\u00e1bana, sin vida, en la puerta de una cl\u00ednica de esa ciudad. Est\u00e1 detenido y tiene en su haber una gran cantidad de delitos. La autopsia confirm\u00f3 que Luciana muri\u00f3 por un fuerte golpe en la cabeza.<\/em><\/p>\n<p>Jorge Orellano tiene 36 a\u00f1os y es el hombre que fue detenido en el marco de la causa en la que se investiga la muerte de Luciana, su hijastra, la nena de 3 a\u00f1os que llev\u00f3 a la Cl\u00ednica Santa Mar\u00eda, de Mendoza, sin vida y envuelta en una s\u00e1bana, inform\u00f3 el diario Uno.<\/p>\n<p>Este jueves, <b>la autopsia confirm\u00f3 que Luciana falleci\u00f3 por fuertes golpes<\/b>, seg\u00fan lo confirm\u00f3 el Cuerpo M\u00e9dico Forense.<\/p>\n<p>Orellano tiene en su haber robos a mano armada, hurtos, privaci\u00f3n ileg\u00edtima de la libertad, tenencia ilegal de armas de fuego y encubrimiento agravado. Esos son algunos de los delitos que cometi\u00f3 y por los que estuvo preso al menos 6 a\u00f1os.<\/p>\n<p><b>Entre varias entradas y salidas del penal, en el 2005 la Justicia hizo una unificaci\u00f3n de causas y lo conden\u00f3 a 10 a\u00f1os.<\/b><\/p>\n<p>En el 2008 le bajaron 6 meses de su condena y en el 2009 obtuvo la libertad condicional, beneficio que consigui\u00f3 en parte por su buena conducta.<\/p>\n<p><b>Pero en abril de 2013 volvi\u00f3 a caer por tenencia ilegal de arma de fuego, pero un mes despu\u00e9s fue liberado.<\/b><\/p>\n","protected":false},"excerpt":{"rendered":"<p>Tiene 36 a\u00f1os y es el padrastro de la nena que dej\u00f3 envuelta en una s\u00e1bana, sin vida, en la puerta de una cl\u00ednica de esa ciudad. Est\u00e1 detenido y tiene en su haber una gran cantidad de delitos. La autopsia confirm\u00f3 que Luciana muri\u00f3 por un fuerte golpe en la cabeza. Jorge Orellano tiene&hellip;<\/p>\n","protected":false},"author":1,"featured_media":0,"comment_status":"open","ping_status":"open","sticky":false,"template":"","format":"standard","meta":{"footnotes":""},"categories":[22],"tags":[1048,681,17891,320,17892,571],"class_list":["post-40141","post","type-post","status-publish","format-standard","hentry","category-policiales","tag-asesinada","tag-beba","tag-clinica-santa-maria","tag-golpes","tag-jorge-orellano","tag-mendoza"],"_links":{"self":[{"href":"https:\/\/www.elsindical.com.ar\/notas\/wp-json\/wp\/v2\/posts\/40141","targetHints":{"allow":["GET"]}}],"collection":[{"href":"https:\/\/www.elsindical.com.ar\/notas\/wp-json\/wp\/v2\/posts"}],"about":[{"href":"https:\/\/www.elsindical.com.ar\/notas\/wp-json\/wp\/v2\/types\/post"}],"author":[{"embeddable":true,"href":"https:\/\/www.elsindical.com.ar\/notas\/wp-json\/wp\/v2\/users\/1"}],"replies":[{"embeddable":true,"href":"https:\/\/www.elsindical.com.ar\/notas\/wp-json\/wp\/v2\/comments?post=40141"}],"version-history":[{"count":1,"href":"https:\/\/www.elsindical.com.ar\/notas\/wp-json\/wp\/v2\/posts\/40141\/revisions"}],"predecessor-version":[{"id":40143,"href":"https:\/\/www.elsindical.com.ar\/notas\/wp-json\/wp\/v2\/posts\/40141\/revisions\/40143"}],"wp:attachment":[{"href":"https:\/\/www.elsindical.com.ar\/notas\/wp-json\/wp\/v2\/media?parent=40141"}],"wp:term":[{"taxonomy":"category","embeddable":true,"href":"https:\/\/www.elsindical.com.ar\/notas\/wp-json\/wp\/v2\/categories?post=40141"},{"taxonomy":"post_tag","embeddable":true,"href":"https:\/\/www.elsindical.com.ar\/notas\/wp-json\/wp\/v2\/tags?post=40141"}],"curies":[{"name":"wp","href":"https:\/\/api.w.org\/{rel}","templated":true}]}}