{"id":40123,"date":"2014-01-08T16:16:30","date_gmt":"2014-01-08T19:16:30","guid":{"rendered":"http:\/\/www.elsindical.com.ar\/notas\/?p=40123"},"modified":"2014-01-08T16:16:30","modified_gmt":"2014-01-08T19:16:30","slug":"continua-el-conflicto-y-los-despidos-en-la-editorial-perfil","status":"publish","type":"post","link":"https:\/\/www.elsindical.com.ar\/notas\/continua-el-conflicto-y-los-despidos-en-la-editorial-perfil\/","title":{"rendered":"Contin\u00faa el conflicto y los despidos en la Editorial Perfil"},"content":{"rendered":"<div id=\"yui_3_13_0_ym1_1_1389202546000_6806\">\n<div id=\"yui_3_13_0_ym1_1_1389202546000_6805\"><b id=\"yui_3_13_0_ym1_1_1389202546000_6803\"><a href=\"http:\/\/www.elsindical.com.ar\/notas\/var\/www\/html\/notas\/wp-content\/uploads\/2014\/01\/despidos-Editorial-Perfil.jpg\"><img loading=\"lazy\" decoding=\"async\" class=\"alignnone size-medium wp-image-40124\" alt=\"despidos-Editorial-Perfil\" src=\"http:\/\/www.elsindical.com.ar\/notas\/var\/www\/html\/notas\/wp-content\/uploads\/2014\/01\/despidos-Editorial-Perfil-300x200.jpg\" width=\"300\" height=\"200\" srcset=\"https:\/\/www.elsindical.com.ar\/notas\/var\/www\/html\/notas\/wp-content\/uploads\/2014\/01\/despidos-Editorial-Perfil-300x200.jpg 300w, https:\/\/www.elsindical.com.ar\/notas\/var\/www\/html\/notas\/wp-content\/uploads\/2014\/01\/despidos-Editorial-Perfil-449x300.jpg 449w, https:\/\/www.elsindical.com.ar\/notas\/var\/www\/html\/notas\/wp-content\/uploads\/2014\/01\/despidos-Editorial-Perfil.jpg 502w\" sizes=\"auto, (max-width: 300px) 100vw, 300px\" \/><\/a>Persecuci\u00f3n gremial y despidos en Perfil<\/b><\/div>\n<div id=\"yui_3_13_0_ym1_1_1389202546000_6807\"><\/div>\n<div id=\"yui_3_13_0_ym1_1_1389202546000_6809\"><b>Editorial Perfil, en una muestra m\u00e1s de su pol\u00edtica de ataque contra la libertad gremial de sus trabajadores, ha enviado telegramas de despido a una docena de empleados de varias secciones de la empresa que defendieron las fuentes de trabajo de siete compa\u00f1eros que la firma hab\u00eda despedido hace unas semanas.<\/b><\/div>\n<div id=\"yui_3_13_0_ym1_1_1389202546000_7238\"><\/div>\n<div id=\"yui_3_13_0_ym1_1_1389202546000_6813\"><b>Entre los despedidos anteriores y los actuales se encuentran varios compa\u00f1eros que oficiaron de Junta Electoral en las \u00faltimas elecciones de Comisi\u00f3n Gremial Interna.<\/b><\/div>\n<div id=\"yui_3_13_0_ym1_1_1389202546000_7304\"><\/div>\n<div id=\"yui_3_13_0_ym1_1_1389202546000_6816\"><b>Este ataque se desarrolla en el marco de un ajuste que la empresa pretende realizar ya desde hace un tiempo por lo que ella misma califica como una crisis mientras, por otra parte, publica comunicados anunciando que \u00abPerfil avanza\u00bb y realiza millonarios gastos en la ampliaci\u00f3n de la planta de Barracas.<\/b><\/div>\n<div id=\"yui_3_13_0_ym1_1_1389202546000_6817\"><\/div>\n<div id=\"yui_3_13_0_ym1_1_1389202546000_6818\"><b>Otra vez m\u00e1s, Perfil quiere asestar un golpe a los trabajadores para debilitarnos frente a las paritarias que deben comenzar en marzo.<\/b><\/div>\n<div id=\"yui_3_13_0_ym1_1_1389202546000_6820\"><\/div>\n<div id=\"yui_3_13_0_ym1_1_1389202546000_6810\"><b>Nos oponemos firmemente a este nuevo brutal atropello contra nuestros derechos. Ya comenzamos un paro, y tomaremos las medidas que sean necesarias para defender nuestras fuentes de trabajo y a nuestros compa\u00f1eros que reclamaban contra los despidos. La empresa pretende amedrentar a los trabajadores que defienden sus derechos para realizar a toda costa un achique antes de su mudanza a la planta de Barracas.<\/b><\/div>\n<div id=\"yui_3_13_0_ym1_1_1389202546000_6822\"><\/div>\n<div id=\"yui_3_13_0_ym1_1_1389202546000_6812\"><b>Comisi\u00f3n Gremial Interna de los Trabajadores de Prensa de Editorial Perfil<\/b><\/div>\n<div id=\"yui_3_13_0_ym1_1_1389202546000_6811\"><b>Ra\u00fal Mileo 1535871041<\/b><\/div>\n<div id=\"yui_3_13_0_ym1_1_1389202546000_6825\"><b>Carlos \u201cFito\u201d Rodr\u00edguez 1552577519<\/b><\/div>\n<div id=\"yui_3_13_0_ym1_1_1389202546000_7306\"><b>Marcelo Iglesias 1531851086<\/b><\/div>\n<\/div>\n","protected":false},"excerpt":{"rendered":"<p>Persecuci\u00f3n gremial y despidos en Perfil Editorial Perfil, en una muestra m\u00e1s de su pol\u00edtica de ataque contra la libertad gremial de sus trabajadores, ha enviado telegramas de despido a una docena de empleados de varias secciones de la empresa que defendieron las fuentes de trabajo de siete compa\u00f1eros que la firma hab\u00eda despedido hace&hellip;<\/p>\n","protected":false},"author":1,"featured_media":0,"comment_status":"open","ping_status":"open","sticky":false,"template":"","format":"standard","meta":{"footnotes":""},"categories":[16],"tags":[3256,34,436,53,13280],"class_list":["post-40123","post","type-post","status-publish","format-standard","hentry","category-gremiales","tag-barracas","tag-cgi","tag-conflicto","tag-despidos","tag-editorial-perfil"],"_links":{"self":[{"href":"https:\/\/www.elsindical.com.ar\/notas\/wp-json\/wp\/v2\/posts\/40123","targetHints":{"allow":["GET"]}}],"collection":[{"href":"https:\/\/www.elsindical.com.ar\/notas\/wp-json\/wp\/v2\/posts"}],"about":[{"href":"https:\/\/www.elsindical.com.ar\/notas\/wp-json\/wp\/v2\/types\/post"}],"author":[{"embeddable":true,"href":"https:\/\/www.elsindical.com.ar\/notas\/wp-json\/wp\/v2\/users\/1"}],"replies":[{"embeddable":true,"href":"https:\/\/www.elsindical.com.ar\/notas\/wp-json\/wp\/v2\/comments?post=40123"}],"version-history":[{"count":1,"href":"https:\/\/www.elsindical.com.ar\/notas\/wp-json\/wp\/v2\/posts\/40123\/revisions"}],"predecessor-version":[{"id":40125,"href":"https:\/\/www.elsindical.com.ar\/notas\/wp-json\/wp\/v2\/posts\/40123\/revisions\/40125"}],"wp:attachment":[{"href":"https:\/\/www.elsindical.com.ar\/notas\/wp-json\/wp\/v2\/media?parent=40123"}],"wp:term":[{"taxonomy":"category","embeddable":true,"href":"https:\/\/www.elsindical.com.ar\/notas\/wp-json\/wp\/v2\/categories?post=40123"},{"taxonomy":"post_tag","embeddable":true,"href":"https:\/\/www.elsindical.com.ar\/notas\/wp-json\/wp\/v2\/tags?post=40123"}],"curies":[{"name":"wp","href":"https:\/\/api.w.org\/{rel}","templated":true}]}}